{"id":1266,"date":"2018-12-28T10:32:43","date_gmt":"2018-12-28T10:32:43","guid":{"rendered":"http:\/\/provinciadigital.com.ar\/?p=1266"},"modified":"2018-12-28T10:32:44","modified_gmt":"2018-12-28T10:32:44","slug":"bomberos-de-pacheco-despidieron-el-ano","status":"publish","type":"post","link":"https:\/\/provinciadigital.com.ar\/?p=1266","title":{"rendered":"BOMBEROS DE PACHECO DESPIDIERON EL A\u00d1O"},"content":{"rendered":"\n<p>BOMBEROS DE PACHECO&nbsp;\nDESPIDEN&nbsp; EL&nbsp; A\u00d1O<\/p>\n\n\n\n<p>En el marco de camarader\u00eda y compa\u00f1erismo que\ncaracteriza a los Bomberos Voluntarios de Gral. Pacheco, el Comandante Mayor\nJos\u00e9 Cornejo, Jefe de Cuerpo Activo de la Instituci\u00f3n, Junto a su Comisi\u00f3n\nDirectiva convoc\u00f3 a sus dos dependencias a saber Destacamento Bomberos\nVoluntarios de El Talar y sus hom\u00f3logos Destacamento Bomberos Voluntarios\nRicardo Rojas para despedir el a\u00f1o en un multitudinario brindis. <\/p>\n\n\n\n<p>Estuvieron invitados representantes de industrias del Distrito\nc\u00f3mo la firma Roche; pares de instituciones hermanas como el Ex Jefe de\nBomberos de San Fernando, Fernando Garc\u00eda; miembros de Comisi\u00f3n Directiva de\nInstituciones Intermedias de la ciudad como Adri\u00e1n Gastaldi y Rub\u00e9n Mezquida,\nPresidente del Club Pacheco Sur.<\/p>\n\n\n\n<p>De la misma manera, tambi\u00e9n se hizo presente como\ninvitada, la concejal Malena Massa quien les dispens\u00f3 generosas palabras de\ngratitud para la labor abnegada y heroica que realizan los Bomberos dentro de\nla comunidad expresando que \u201cHay que tener un gran coraz\u00f3n y una enorme\nvalent\u00eda para brindarse entero sin pedir nada a cambio. Son enormes\u2026; Gracias\npor estar siempre alertas para acudir y para proteger a las familias tigrenses.\nSon sin\u00f3nimo de solidaridad, capacidad de trabajo y servicio a la comunidad\u201d.<\/p>\n","protected":false},"excerpt":{"rendered":"<p>BOMBEROS DE PACHECO&nbsp; DESPIDEN&nbsp; EL&nbsp; A\u00d1O En el marco de camarader\u00eda y compa\u00f1erismo que caracteriza a los Bomberos Voluntarios de Gral. Pacheco, el Comandante Mayor Jos\u00e9 Cornejo, Jefe de Cuerpo Activo de la Instituci\u00f3n, Junto a su Comisi\u00f3n Directiva convoc\u00f3 a sus dos dependencias a saber Destacamento Bomberos Voluntarios de El Talar y sus hom\u00f3logos [&hellip;]<\/p>\n","protected":false},"author":1,"featured_media":1267,"comment_status":"open","ping_status":"open","sticky":false,"template":"","format":"standard","meta":{"footnotes":""},"categories":[15],"tags":[],"class_list":{"0":"post-1266","1":"post","2":"type-post","3":"status-publish","4":"format-standard","5":"has-post-thumbnail","7":"category-pacheco-digital"},"_links":{"self":[{"href":"https:\/\/provinciadigital.com.ar\/index.php?rest_route=\/wp\/v2\/posts\/1266","targetHints":{"allow":["GET"]}}],"collection":[{"href":"https:\/\/provinciadigital.com.ar\/index.php?rest_route=\/wp\/v2\/posts"}],"about":[{"href":"https:\/\/provinciadigital.com.ar\/index.php?rest_route=\/wp\/v2\/types\/post"}],"author":[{"embeddable":true,"href":"https:\/\/provinciadigital.com.ar\/index.php?rest_route=\/wp\/v2\/users\/1"}],"replies":[{"embeddable":true,"href":"https:\/\/provinciadigital.com.ar\/index.php?rest_route=%2Fwp%2Fv2%2Fcomments&post=1266"}],"version-history":[{"count":1,"href":"https:\/\/provinciadigital.com.ar\/index.php?rest_route=\/wp\/v2\/posts\/1266\/revisions"}],"predecessor-version":[{"id":1268,"href":"https:\/\/provinciadigital.com.ar\/index.php?rest_route=\/wp\/v2\/posts\/1266\/revisions\/1268"}],"wp:featuredmedia":[{"embeddable":true,"href":"https:\/\/provinciadigital.com.ar\/index.php?rest_route=\/wp\/v2\/media\/1267"}],"wp:attachment":[{"href":"https:\/\/provinciadigital.com.ar\/index.php?rest_route=%2Fwp%2Fv2%2Fmedia&parent=1266"}],"wp:term":[{"taxonomy":"category","embeddable":true,"href":"https:\/\/provinciadigital.com.ar\/index.php?rest_route=%2Fwp%2Fv2%2Fcategories&post=1266"},{"taxonomy":"post_tag","embeddable":true,"href":"https:\/\/provinciadigital.com.ar\/index.php?rest_route=%2Fwp%2Fv2%2Ftags&post=1266"}],"curies":[{"name":"wp","href":"https:\/\/api.w.org\/{rel}","templated":true}]}}