{"id":1269,"date":"2018-12-28T10:38:42","date_gmt":"2018-12-28T10:38:42","guid":{"rendered":"http:\/\/provinciadigital.com.ar\/?p=1269"},"modified":"2018-12-28T10:38:43","modified_gmt":"2018-12-28T10:38:43","slug":"comercios-abiertos-hasta-las-23-hs","status":"publish","type":"post","link":"https:\/\/provinciadigital.com.ar\/?p=1269","title":{"rendered":"COMERCIOS ABIERTOS HASTA LAS 23 HS."},"content":{"rendered":"\n<p>Desde la C\u00e1mara de Comercio de Gral. Pacheco nos informaron que tal como\nsucedi\u00f3 el a\u00f1o pasado los comercios de nuestra localidad el d\u00eda 23 de diciembre\npermanecer\u00e1n abiertos hasta las 23 Hs., lo realizan como un servicio a los\nvecinos que necesitan hacer compras de sus regalos y art\u00edculos para los\nfestejos navide\u00f1os.<\/p>\n\n\n\n<p>Claramente la medida incluye a los comercios que involucran art\u00edculos y\nrubros de la alimentaci\u00f3n y regaler\u00eda, no as\u00ed quienes habitualmente tienen\nservicios o productos para la industria o el comercio.<\/p>\n\n\n\n<p>Finalmente indicaron que la medida se va incrementando cada a\u00f1o, es\ndecir que ya comprometieron a m\u00e1s comercios que el a\u00f1o pasado para ir mejorando\nno solo el servicio al cliente sino tambi\u00e9n para mejorar las ventas de los\ncomercios que atraviesan una dif\u00edcil situaci\u00f3n econ\u00f3mica. <\/p>\n","protected":false},"excerpt":{"rendered":"<p>Desde la C\u00e1mara de Comercio de Gral. Pacheco nos informaron que tal como sucedi\u00f3 el a\u00f1o pasado los comercios de nuestra localidad el d\u00eda 23 de diciembre permanecer\u00e1n abiertos hasta las 23 Hs., lo realizan como un servicio a los vecinos que necesitan hacer compras de sus regalos y art\u00edculos para los festejos navide\u00f1os. Claramente [&hellip;]<\/p>\n","protected":false},"author":1,"featured_media":1270,"comment_status":"open","ping_status":"open","sticky":false,"template":"","format":"standard","meta":{"footnotes":""},"categories":[15],"tags":[],"class_list":{"0":"post-1269","1":"post","2":"type-post","3":"status-publish","4":"format-standard","5":"has-post-thumbnail","7":"category-pacheco-digital"},"_links":{"self":[{"href":"https:\/\/provinciadigital.com.ar\/index.php?rest_route=\/wp\/v2\/posts\/1269","targetHints":{"allow":["GET"]}}],"collection":[{"href":"https:\/\/provinciadigital.com.ar\/index.php?rest_route=\/wp\/v2\/posts"}],"about":[{"href":"https:\/\/provinciadigital.com.ar\/index.php?rest_route=\/wp\/v2\/types\/post"}],"author":[{"embeddable":true,"href":"https:\/\/provinciadigital.com.ar\/index.php?rest_route=\/wp\/v2\/users\/1"}],"replies":[{"embeddable":true,"href":"https:\/\/provinciadigital.com.ar\/index.php?rest_route=%2Fwp%2Fv2%2Fcomments&post=1269"}],"version-history":[{"count":1,"href":"https:\/\/provinciadigital.com.ar\/index.php?rest_route=\/wp\/v2\/posts\/1269\/revisions"}],"predecessor-version":[{"id":1271,"href":"https:\/\/provinciadigital.com.ar\/index.php?rest_route=\/wp\/v2\/posts\/1269\/revisions\/1271"}],"wp:featuredmedia":[{"embeddable":true,"href":"https:\/\/provinciadigital.com.ar\/index.php?rest_route=\/wp\/v2\/media\/1270"}],"wp:attachment":[{"href":"https:\/\/provinciadigital.com.ar\/index.php?rest_route=%2Fwp%2Fv2%2Fmedia&parent=1269"}],"wp:term":[{"taxonomy":"category","embeddable":true,"href":"https:\/\/provinciadigital.com.ar\/index.php?rest_route=%2Fwp%2Fv2%2Fcategories&post=1269"},{"taxonomy":"post_tag","embeddable":true,"href":"https:\/\/provinciadigital.com.ar\/index.php?rest_route=%2Fwp%2Fv2%2Ftags&post=1269"}],"curies":[{"name":"wp","href":"https:\/\/api.w.org\/{rel}","templated":true}]}}