{"id":1321,"date":"2019-01-07T15:28:38","date_gmt":"2019-01-07T15:28:38","guid":{"rendered":"http:\/\/provinciadigital.com.ar\/?p=1321"},"modified":"2019-01-07T15:28:39","modified_gmt":"2019-01-07T15:28:39","slug":"fiesta-de-egresados-en-el-club-america","status":"publish","type":"post","link":"https:\/\/provinciadigital.com.ar\/?p=1321","title":{"rendered":"FIESTA DE EGRESADOS EN EL CLUB AM\u00c9RICA"},"content":{"rendered":"\n<p>FIESTA DE EGRESADOS DE LA ESCUELA 19 EN EL CLUB\nAM\u00c9RICA<\/p>\n\n\n\n<p>Alumnos de 6\u00ba grado de la Escuela 19 llevaron a cabo\nla fiesta de egresados que simboliza el paso de sus vidas por la escuela\nprimaria, dando por concluida la importante etapa en donde casi todos abandonan\nla ni\u00f1ez y se introducen en la adolescencia, una parte de su existencia en&nbsp; donde se convierten&nbsp; en hombres y mujeres de bien&nbsp; ya preparados para el&nbsp; ingreso&nbsp;\na la escuela secundaria que los&nbsp;\npreparar\u00e1 para la vida y para un posterior estad\u00edo universitario.<\/p>\n\n\n\n<p>Durante casi todo el a\u00f1o lectivo padres y familiares\nde los alumnos realizaron numerosas tareas para recaudar los fondos destinados\na la celebraci\u00f3n que recibi\u00f3 a padres, familiares y amigos de los propios\negresados.<\/p>\n\n\n\n<p>El evento tuvo lugar el d\u00eda 7 de diciembre en las\ninstalaciones del Club Am\u00e9rica que se vistieron de gala para recibir a los\nj\u00f3venes estudiantes y fueron acompa\u00f1ados no solo por sus familias sino tambi\u00e9n por\npersonal docente como las Srtas. Pamela y Karina que los acompa\u00f1aron por el\ncamino.<\/p>\n","protected":false},"excerpt":{"rendered":"<p>FIESTA DE EGRESADOS DE LA ESCUELA 19 EN EL CLUB AM\u00c9RICA Alumnos de 6\u00ba grado de la Escuela 19 llevaron a cabo la fiesta de egresados que simboliza el paso de sus vidas por la escuela primaria, dando por concluida la importante etapa en donde casi todos abandonan la ni\u00f1ez y se introducen en la [&hellip;]<\/p>\n","protected":false},"author":1,"featured_media":1322,"comment_status":"open","ping_status":"open","sticky":false,"template":"","format":"standard","meta":{"footnotes":""},"categories":[12],"tags":[],"class_list":{"0":"post-1321","1":"post","2":"type-post","3":"status-publish","4":"format-standard","5":"has-post-thumbnail","7":"category-rincon-digital"},"_links":{"self":[{"href":"https:\/\/provinciadigital.com.ar\/index.php?rest_route=\/wp\/v2\/posts\/1321","targetHints":{"allow":["GET"]}}],"collection":[{"href":"https:\/\/provinciadigital.com.ar\/index.php?rest_route=\/wp\/v2\/posts"}],"about":[{"href":"https:\/\/provinciadigital.com.ar\/index.php?rest_route=\/wp\/v2\/types\/post"}],"author":[{"embeddable":true,"href":"https:\/\/provinciadigital.com.ar\/index.php?rest_route=\/wp\/v2\/users\/1"}],"replies":[{"embeddable":true,"href":"https:\/\/provinciadigital.com.ar\/index.php?rest_route=%2Fwp%2Fv2%2Fcomments&post=1321"}],"version-history":[{"count":1,"href":"https:\/\/provinciadigital.com.ar\/index.php?rest_route=\/wp\/v2\/posts\/1321\/revisions"}],"predecessor-version":[{"id":1323,"href":"https:\/\/provinciadigital.com.ar\/index.php?rest_route=\/wp\/v2\/posts\/1321\/revisions\/1323"}],"wp:featuredmedia":[{"embeddable":true,"href":"https:\/\/provinciadigital.com.ar\/index.php?rest_route=\/wp\/v2\/media\/1322"}],"wp:attachment":[{"href":"https:\/\/provinciadigital.com.ar\/index.php?rest_route=%2Fwp%2Fv2%2Fmedia&parent=1321"}],"wp:term":[{"taxonomy":"category","embeddable":true,"href":"https:\/\/provinciadigital.com.ar\/index.php?rest_route=%2Fwp%2Fv2%2Fcategories&post=1321"},{"taxonomy":"post_tag","embeddable":true,"href":"https:\/\/provinciadigital.com.ar\/index.php?rest_route=%2Fwp%2Fv2%2Ftags&post=1321"}],"curies":[{"name":"wp","href":"https:\/\/api.w.org\/{rel}","templated":true}]}}