{"id":1324,"date":"2019-01-07T15:31:39","date_gmt":"2019-01-07T15:31:39","guid":{"rendered":"http:\/\/provinciadigital.com.ar\/?p=1324"},"modified":"2019-01-07T15:31:40","modified_gmt":"2019-01-07T15:31:40","slug":"el-centro-de-jubilados-rincon-de-milberg-festejo-20-anos-de-trabajo-en-la-comundad","status":"publish","type":"post","link":"https:\/\/provinciadigital.com.ar\/?p=1324","title":{"rendered":"EL CENTRO DE JUBILADOS RINC\u00d3N DE MILBERG FESTEJ\u00d3 20 A\u00d1OS DE TRABAJO EN LA COMUNDAD"},"content":{"rendered":"\n<p>El Centro de Jubilados y Pensionados Rinc\u00f3n de Milberg festej\u00f3 sus 20\na\u00f1os trabajando en nuestra comunidad. El intendente Julio Zamora comparti\u00f3 un\nalmuerzo con cientos de vecinos y socios, destac\u00f3 a la entidad como punto de\nencuentro de la comunidad y anunci\u00f3 la entrega de la escritura del lugar a\nnombre de la instituci\u00f3n. Un viejo reclamo que Juan Camana y la comisi\u00f3n vienen\nesperando desde hace varios a\u00f1os.<\/p>\n\n\n\n<p>&#8220;Es importante estar cerca de las instituciones porque hacen un\ntrabajo maravilloso por los vecinos. Nos comprometemos a otorgarle la escritura\ndel lugar, para que sea bien propio de ellos y para que contin\u00faen llevando\nadelante esta labor imprescindible dentro de la sociedad&#8221;, expres\u00f3 Zamora.<\/p>\n\n\n\n<p>El encuentro familiar mantuvo un clima festivo entre los presentes,\nquienes disfrutaron shows de m\u00fasica, sorteos y baile durante la tarde.<\/p>\n\n\n\n<p>La presidenta del Honorable Concejo Deliberante, Alejandra Nardi,\nfelicit\u00f3 a las autoridades de la entidad por los 20 a\u00f1os y remarc\u00f3: \u201cEstos\nespacios cumplen una funci\u00f3n fundamental, que es la de recibir y acoger a los\nadultos mayores de la ciudad y permitirles disfrutar de su tiempo libre&#8221;.<\/p>\n\n\n\n<p>El Centro de Jubilados y Pensionados de Rinc\u00f3n de Milberg, fue fundado\nel 20 de febrero de 1998. Cuenta con m\u00e1s de 140 socios que participan de\nactividades recreativas como artesan\u00eda y reciclado, tango, folclore, y\ngimnasia, entre otras.<\/p>\n\n\n\n<p>Luego de agradecer el acompa\u00f1amiento del jefe comunal, el presidente del\ncentro, Juan Camana, sostuvo: \u201cEstoy orgulloso de que nos hayamos podido reunir\npara festejar un a\u00f1o m\u00e1s de nuestro hermoso lugar, recuerdo a todos los que\ntrabajaron para poder construir este lugar, a\u00f1o tras a\u00f1o vamos mejorando y\ntener la escritura de nuestro centro ser\u00e1 sin dudas un sue\u00f1o cumplido\u201d.<\/p>\n\n\n\n<p>Estuvieron presentes junto al intendente: el director coordinador de\npol\u00edticas para Adultos Mayores, Jorge Caubet y el director de Programas\nDeportivos, Julio Nocioni.<\/p>\n","protected":false},"excerpt":{"rendered":"<p>El Centro de Jubilados y Pensionados Rinc\u00f3n de Milberg festej\u00f3 sus 20 a\u00f1os trabajando en nuestra comunidad. El intendente Julio Zamora comparti\u00f3 un almuerzo con cientos de vecinos y socios, destac\u00f3 a la entidad como punto de encuentro de la comunidad y anunci\u00f3 la entrega de la escritura del lugar a nombre de la instituci\u00f3n. [&hellip;]<\/p>\n","protected":false},"author":1,"featured_media":1325,"comment_status":"open","ping_status":"open","sticky":false,"template":"","format":"standard","meta":{"footnotes":""},"categories":[12],"tags":[],"class_list":{"0":"post-1324","1":"post","2":"type-post","3":"status-publish","4":"format-standard","5":"has-post-thumbnail","7":"category-rincon-digital"},"_links":{"self":[{"href":"https:\/\/provinciadigital.com.ar\/index.php?rest_route=\/wp\/v2\/posts\/1324","targetHints":{"allow":["GET"]}}],"collection":[{"href":"https:\/\/provinciadigital.com.ar\/index.php?rest_route=\/wp\/v2\/posts"}],"about":[{"href":"https:\/\/provinciadigital.com.ar\/index.php?rest_route=\/wp\/v2\/types\/post"}],"author":[{"embeddable":true,"href":"https:\/\/provinciadigital.com.ar\/index.php?rest_route=\/wp\/v2\/users\/1"}],"replies":[{"embeddable":true,"href":"https:\/\/provinciadigital.com.ar\/index.php?rest_route=%2Fwp%2Fv2%2Fcomments&post=1324"}],"version-history":[{"count":1,"href":"https:\/\/provinciadigital.com.ar\/index.php?rest_route=\/wp\/v2\/posts\/1324\/revisions"}],"predecessor-version":[{"id":1326,"href":"https:\/\/provinciadigital.com.ar\/index.php?rest_route=\/wp\/v2\/posts\/1324\/revisions\/1326"}],"wp:featuredmedia":[{"embeddable":true,"href":"https:\/\/provinciadigital.com.ar\/index.php?rest_route=\/wp\/v2\/media\/1325"}],"wp:attachment":[{"href":"https:\/\/provinciadigital.com.ar\/index.php?rest_route=%2Fwp%2Fv2%2Fmedia&parent=1324"}],"wp:term":[{"taxonomy":"category","embeddable":true,"href":"https:\/\/provinciadigital.com.ar\/index.php?rest_route=%2Fwp%2Fv2%2Fcategories&post=1324"},{"taxonomy":"post_tag","embeddable":true,"href":"https:\/\/provinciadigital.com.ar\/index.php?rest_route=%2Fwp%2Fv2%2Ftags&post=1324"}],"curies":[{"name":"wp","href":"https:\/\/api.w.org\/{rel}","templated":true}]}}