{"id":1484,"date":"2019-04-29T03:03:09","date_gmt":"2019-04-29T03:03:09","guid":{"rendered":"http:\/\/provinciadigital.com.ar\/?p=1484"},"modified":"2019-04-29T03:03:12","modified_gmt":"2019-04-29T03:03:12","slug":"comienzan-a-configurarse-los-espacios-para-la-campana","status":"publish","type":"post","link":"https:\/\/provinciadigital.com.ar\/?p=1484","title":{"rendered":"COMIENZAN A CONFIGURARSE LOS ESPACIOS PARA LA CAMPA\u00d1A"},"content":{"rendered":"\n<p>Poco a poco se va acercando el tiempo de volver a votar autoridades\nnacionales, provinciales y locales y aunque todos los espacios mantienen el\nmisterio se van configurando los espacios que competir\u00e1n en agosto.<\/p>\n\n\n\n<p>Por el lado del oficialismo el intendente Zamora con un fuerte llamado a\nla unidad parece haber encontrado un acuerdo pol\u00edtico con Unidad Ciudadana para\nbuscar su reelecci\u00f3n por cuatro a\u00f1os m\u00e1s.<\/p>\n\n\n\n<p>Cambiemos por su parte, luego de su triunfo electoral en 2017 intentar\u00e1\nrepetir la elecci\u00f3n con Segundo Cernadas como candidato, aunque la dif\u00edcil\nsituaci\u00f3n econ\u00f3mica del pa\u00eds viene complicando las chances electorales.<\/p>\n\n\n\n<p>Por el lado de Argentina Federal mientras tratan de tender puentes y\ngenerar un espacio m\u00e1s amplio llevar\u00edan a nivel local como candidata a Malena\nGalmarini quien no termina de romper con el intendente Zamora, pero se muestra\ncon diferencias significativas.<\/p>\n\n\n\n<p>Otro de los que mostr\u00f3 vocaci\u00f3n de ser candidato a intendente es el\nConcejal de Unidad Ciudadana Javier Forlenza quien deber\u00eda pedir internas en\nUnidad Ciudadana o bien intentar jugar en Alternativa Federal por su anclaje en\nel Peronismo.<\/p>\n\n\n\n<p>Finalmente, desde el vecinalimo, con Acci\u00f3n Comunal en Cambiemos, tiene\nalgunas variantes para presentar a nivel local, Opci\u00f3n Vecinal es un partido\nfundado en 2018 que propone un gobierno de vecinos y ya est\u00e1n recorriendo el\ndistrito realizando reuniones con vecinos. En este mismo sentido desde el\nEspacio Ubieto, Amanda Zocchi, viuda del ex intendente Ricardo Ubieto, propone\nreivindicar los valores del vecinalismo confluyendo en un frente que contenga\npropuestas para cada localidad de Tigre.<\/p>\n\n\n\n<p>Si bien a\u00fan debe pasar mucha agua bajo el puente, la cancha se va\nllenando y los jugadores ya se preparan para el partido que jugar\u00e1n en agosto y\noctubre.<\/p>\n","protected":false},"excerpt":{"rendered":"<p>Poco a poco se va acercando el tiempo de volver a votar autoridades nacionales, provinciales y locales y aunque todos los espacios mantienen el misterio se van configurando los espacios que competir\u00e1n en agosto. Por el lado del oficialismo el intendente Zamora con un fuerte llamado a la unidad parece haber encontrado un acuerdo pol\u00edtico [&hellip;]<\/p>\n","protected":false},"author":1,"featured_media":1485,"comment_status":"open","ping_status":"open","sticky":false,"template":"","format":"standard","meta":{"footnotes":""},"categories":[15],"tags":[],"class_list":{"0":"post-1484","1":"post","2":"type-post","3":"status-publish","4":"format-standard","5":"has-post-thumbnail","7":"category-pacheco-digital"},"_links":{"self":[{"href":"https:\/\/provinciadigital.com.ar\/index.php?rest_route=\/wp\/v2\/posts\/1484","targetHints":{"allow":["GET"]}}],"collection":[{"href":"https:\/\/provinciadigital.com.ar\/index.php?rest_route=\/wp\/v2\/posts"}],"about":[{"href":"https:\/\/provinciadigital.com.ar\/index.php?rest_route=\/wp\/v2\/types\/post"}],"author":[{"embeddable":true,"href":"https:\/\/provinciadigital.com.ar\/index.php?rest_route=\/wp\/v2\/users\/1"}],"replies":[{"embeddable":true,"href":"https:\/\/provinciadigital.com.ar\/index.php?rest_route=%2Fwp%2Fv2%2Fcomments&post=1484"}],"version-history":[{"count":1,"href":"https:\/\/provinciadigital.com.ar\/index.php?rest_route=\/wp\/v2\/posts\/1484\/revisions"}],"predecessor-version":[{"id":1486,"href":"https:\/\/provinciadigital.com.ar\/index.php?rest_route=\/wp\/v2\/posts\/1484\/revisions\/1486"}],"wp:featuredmedia":[{"embeddable":true,"href":"https:\/\/provinciadigital.com.ar\/index.php?rest_route=\/wp\/v2\/media\/1485"}],"wp:attachment":[{"href":"https:\/\/provinciadigital.com.ar\/index.php?rest_route=%2Fwp%2Fv2%2Fmedia&parent=1484"}],"wp:term":[{"taxonomy":"category","embeddable":true,"href":"https:\/\/provinciadigital.com.ar\/index.php?rest_route=%2Fwp%2Fv2%2Fcategories&post=1484"},{"taxonomy":"post_tag","embeddable":true,"href":"https:\/\/provinciadigital.com.ar\/index.php?rest_route=%2Fwp%2Fv2%2Ftags&post=1484"}],"curies":[{"name":"wp","href":"https:\/\/api.w.org\/{rel}","templated":true}]}}