{"id":1493,"date":"2019-04-29T03:09:48","date_gmt":"2019-04-29T03:09:48","guid":{"rendered":"http:\/\/provinciadigital.com.ar\/?p=1493"},"modified":"2019-04-29T03:09:49","modified_gmt":"2019-04-29T03:09:49","slug":"troncos-del-talar-ya-cuenta-con-su-orquesta","status":"publish","type":"post","link":"https:\/\/provinciadigital.com.ar\/?p=1493","title":{"rendered":"TRONCOS DEL TALAR YA CUENTA CON SU ORQUESTA"},"content":{"rendered":"\n<p>A trav\u00e9s del Programa de Orquestas Infanto Juveniles, el Municipio de\nTigre inaugur\u00f3 una nueva agrupaci\u00f3n musical para ni\u00f1os y ni\u00f1as de 7 a 17 a\u00f1os,\nen esta ocasi\u00f3n en la Escuela Media N\u00b04, en localidad de Troncos del Talar. La\nactividad es gratuita y no es necesario contar con instrumentos propios o\nconocimientos previos para asistir.<\/p>\n\n\n\n<p>&#8220;Es motivo de alegr\u00eda y orgullo el haber hecho realidad esta\norquesta para la que trabajamos tanto tiempo, que no solo es un proyecto de\nformaci\u00f3n cultural, sino tambi\u00e9n una herramienta de inclusi\u00f3n social. A trav\u00e9s de\nella los chicos van a aprender valores y a fortalecerse como personas&#8221;,\nindic\u00f3 la concejala, Gisela Zamora.<\/p>\n\n\n\n<p>En la orquesta, que contar\u00e1 con personal capacitado en distintas \u00e1reas\nde la formaci\u00f3n musical, los ni\u00f1os podr\u00e1n optar entre m\u00faltiples alternativas\ncomo guitarra, viol\u00edn, aer\u00f3fonos, charango, acorde\u00f3n, percusi\u00f3n y lenguaje\nmusical y canto.<\/p>\n\n\n\n<p>Los encuentros de la nueva agrupaci\u00f3n musical, que ya cuenta con 30\ninscriptos de entre 8 a 17 a\u00f1os, se realizar\u00e1n todos los martes, mi\u00e9rcoles y\nviernes de 18 a 20hs. En las primeras clases los alumnos rotar\u00e1n por todos los\ninstrumentos para que, una vez m\u00e1s avanzado el aprendizaje, se decidan por uno.<\/p>\n\n\n\n<p>Con la nueva agrupaci\u00f3n en Troncos del Talar, el Municipio de Tigre\ncuenta ya con un total de 7 orquestas infanto juveniles, con sedes en Rinc\u00f3n de\nMilberg, Ricardo Rojas, Baires-Bancalari, Benav\u00eddez, Delta y Almirante Brown. A\ntrav\u00e9s de ellas, se busca fomentar la generaci\u00f3n de lazos de amistad y el\ntrabajo en equipo por medio de la m\u00fasica.<\/p>\n\n\n\n<p>Todas las orquestas poseen un repertorio propio y retribuyen a la\ncomunidad mediante presentaciones p\u00fablicas. As\u00ed, los chicos logran divertirse y\nal mismo tiempo dar lugar a la generaci\u00f3n de un s\u00edmbolo de la cultura de los\nbarrios.<\/p>\n\n\n\n<p>Estuvieron presentes en apertura los concejales Luis Samyn Duc\u00f3 y Sonia\nGatarri; la directora general de Gesti\u00f3n Cultural, Marcela Rodr\u00edguez Blanco; el\ncoordinador del Programa de Orquestas Infanto Juveniles, Ricardo Gil; y la\ndirectora de la orquesta, Roc\u00edo Moreira.<\/p>\n","protected":false},"excerpt":{"rendered":"<p>A trav\u00e9s del Programa de Orquestas Infanto Juveniles, el Municipio de Tigre inaugur\u00f3 una nueva agrupaci\u00f3n musical para ni\u00f1os y ni\u00f1as de 7 a 17 a\u00f1os, en esta ocasi\u00f3n en la Escuela Media N\u00b04, en localidad de Troncos del Talar. La actividad es gratuita y no es necesario contar con instrumentos propios o conocimientos previos [&hellip;]<\/p>\n","protected":false},"author":1,"featured_media":1494,"comment_status":"open","ping_status":"open","sticky":false,"template":"","format":"standard","meta":{"footnotes":""},"categories":[15],"tags":[],"class_list":{"0":"post-1493","1":"post","2":"type-post","3":"status-publish","4":"format-standard","5":"has-post-thumbnail","7":"category-pacheco-digital"},"_links":{"self":[{"href":"https:\/\/provinciadigital.com.ar\/index.php?rest_route=\/wp\/v2\/posts\/1493","targetHints":{"allow":["GET"]}}],"collection":[{"href":"https:\/\/provinciadigital.com.ar\/index.php?rest_route=\/wp\/v2\/posts"}],"about":[{"href":"https:\/\/provinciadigital.com.ar\/index.php?rest_route=\/wp\/v2\/types\/post"}],"author":[{"embeddable":true,"href":"https:\/\/provinciadigital.com.ar\/index.php?rest_route=\/wp\/v2\/users\/1"}],"replies":[{"embeddable":true,"href":"https:\/\/provinciadigital.com.ar\/index.php?rest_route=%2Fwp%2Fv2%2Fcomments&post=1493"}],"version-history":[{"count":1,"href":"https:\/\/provinciadigital.com.ar\/index.php?rest_route=\/wp\/v2\/posts\/1493\/revisions"}],"predecessor-version":[{"id":1495,"href":"https:\/\/provinciadigital.com.ar\/index.php?rest_route=\/wp\/v2\/posts\/1493\/revisions\/1495"}],"wp:featuredmedia":[{"embeddable":true,"href":"https:\/\/provinciadigital.com.ar\/index.php?rest_route=\/wp\/v2\/media\/1494"}],"wp:attachment":[{"href":"https:\/\/provinciadigital.com.ar\/index.php?rest_route=%2Fwp%2Fv2%2Fmedia&parent=1493"}],"wp:term":[{"taxonomy":"category","embeddable":true,"href":"https:\/\/provinciadigital.com.ar\/index.php?rest_route=%2Fwp%2Fv2%2Fcategories&post=1493"},{"taxonomy":"post_tag","embeddable":true,"href":"https:\/\/provinciadigital.com.ar\/index.php?rest_route=%2Fwp%2Fv2%2Ftags&post=1493"}],"curies":[{"name":"wp","href":"https:\/\/api.w.org\/{rel}","templated":true}]}}