{"id":1496,"date":"2019-04-29T03:13:14","date_gmt":"2019-04-29T03:13:14","guid":{"rendered":"http:\/\/provinciadigital.com.ar\/?p=1496"},"modified":"2019-04-29T03:13:15","modified_gmt":"2019-04-29T03:13:15","slug":"reunion-sobre-el-plan-mas-vida","status":"publish","type":"post","link":"https:\/\/provinciadigital.com.ar\/?p=1496","title":{"rendered":"REUNI\u00d3N SOBRE EL PLAN MAS VIDA"},"content":{"rendered":"\n<p>Desde el equipo de comunicaci\u00f3n de Cambiemos Tigre informaron a nuestro\nmedio que el pr\u00f3ximo s\u00e1bado 4 de mayo estar\u00e1n en el barrio Las Tunas informando\nsobre como tramitar la tarjeta del Plan M\u00e1s Vida.<\/p>\n\n\n\n<p>El programa se est\u00e1 intensificando para ayudar a las familias que m\u00e1s lo\nnecesitan en momentos donde la crisis parece complicar cada vez a m\u00e1s vecinos\nde Tigre.<\/p>\n\n\n\n<p>La cita ser\u00e1 entonces el pr\u00f3ximo s\u00e1bado 4 de mayo de 9 a 15 Hs. En\nPichincha 3214 entre Alsina y Tejedor en el barrio Las Tunas. <\/p>\n","protected":false},"excerpt":{"rendered":"<p>Desde el equipo de comunicaci\u00f3n de Cambiemos Tigre informaron a nuestro medio que el pr\u00f3ximo s\u00e1bado 4 de mayo estar\u00e1n en el barrio Las Tunas informando sobre como tramitar la tarjeta del Plan M\u00e1s Vida. El programa se est\u00e1 intensificando para ayudar a las familias que m\u00e1s lo necesitan en momentos donde la crisis parece [&hellip;]<\/p>\n","protected":false},"author":1,"featured_media":1497,"comment_status":"open","ping_status":"open","sticky":false,"template":"","format":"standard","meta":{"footnotes":""},"categories":[15],"tags":[],"class_list":{"0":"post-1496","1":"post","2":"type-post","3":"status-publish","4":"format-standard","5":"has-post-thumbnail","7":"category-pacheco-digital"},"_links":{"self":[{"href":"https:\/\/provinciadigital.com.ar\/index.php?rest_route=\/wp\/v2\/posts\/1496","targetHints":{"allow":["GET"]}}],"collection":[{"href":"https:\/\/provinciadigital.com.ar\/index.php?rest_route=\/wp\/v2\/posts"}],"about":[{"href":"https:\/\/provinciadigital.com.ar\/index.php?rest_route=\/wp\/v2\/types\/post"}],"author":[{"embeddable":true,"href":"https:\/\/provinciadigital.com.ar\/index.php?rest_route=\/wp\/v2\/users\/1"}],"replies":[{"embeddable":true,"href":"https:\/\/provinciadigital.com.ar\/index.php?rest_route=%2Fwp%2Fv2%2Fcomments&post=1496"}],"version-history":[{"count":1,"href":"https:\/\/provinciadigital.com.ar\/index.php?rest_route=\/wp\/v2\/posts\/1496\/revisions"}],"predecessor-version":[{"id":1498,"href":"https:\/\/provinciadigital.com.ar\/index.php?rest_route=\/wp\/v2\/posts\/1496\/revisions\/1498"}],"wp:featuredmedia":[{"embeddable":true,"href":"https:\/\/provinciadigital.com.ar\/index.php?rest_route=\/wp\/v2\/media\/1497"}],"wp:attachment":[{"href":"https:\/\/provinciadigital.com.ar\/index.php?rest_route=%2Fwp%2Fv2%2Fmedia&parent=1496"}],"wp:term":[{"taxonomy":"category","embeddable":true,"href":"https:\/\/provinciadigital.com.ar\/index.php?rest_route=%2Fwp%2Fv2%2Fcategories&post=1496"},{"taxonomy":"post_tag","embeddable":true,"href":"https:\/\/provinciadigital.com.ar\/index.php?rest_route=%2Fwp%2Fv2%2Ftags&post=1496"}],"curies":[{"name":"wp","href":"https:\/\/api.w.org\/{rel}","templated":true}]}}