{"id":1499,"date":"2019-04-29T03:16:44","date_gmt":"2019-04-29T03:16:44","guid":{"rendered":"http:\/\/provinciadigital.com.ar\/?p=1499"},"modified":"2019-04-29T03:16:45","modified_gmt":"2019-04-29T03:16:45","slug":"tubos-argentinos-presento-nuevos-productos-en-su-linea-de-produccion","status":"publish","type":"post","link":"https:\/\/provinciadigital.com.ar\/?p=1499","title":{"rendered":"TUBOS ARGENTINOS PRESENT\u00d3 NUEVOS PRODUCTOS EN SU LINEA DE PRODUCCI\u00d3N"},"content":{"rendered":"\n<p>El Municipio de Tigre acompa\u00f1\u00f3 a Tubos Argentinos, empresa radicada en\nla localidad El Talar, en la presentaci\u00f3n de su nueva l\u00ednea de producci\u00f3n de\ntubos y ca\u00f1os de acero con costura. El proyecto, realizado con tecnolog\u00eda de\npunta, permitir\u00e1 potenciar el desarrollo socio econ\u00f3mico de la comunidad y\napunta a colaborar en una herramienta fundamental, como la cultura del trabajo.\n<\/p>\n\n\n\n<p>\u201cAcompa\u00f1amos el lanzamiento de una nueva l\u00ednea de producci\u00f3n, que\nimplica un gran desaf\u00edo porque nuestro pa\u00eds est\u00e1 viviendo un momento de crisis\necon\u00f3mica muy importante. Que haya empresas que apuesten al desarrollo\nproductivo y la inversi\u00f3n nos llena de alegr\u00eda porque tambi\u00e9n va a fortalecer a\nnuestra comunidad&#8221;, sostuvo la presidenta del Honorable Concejo\nDeliberante, Alejandra Nardi. <\/p>\n\n\n\n<p>Y agreg\u00f3: &#8220;El intendente Julio Zamora apuesta a acompa\u00f1ar este tipo\nde emprendimientos porque contribuye al crecimiento de Tigre. En esta planta\nhay 170 empleados que van a trabajar con nueva tecnolog\u00eda; y creemos que es\nfundamental mantener las fuentes de trabajo y que haya vecinos nuestros\ntrabajando aqu\u00ed\u201d.<\/p>\n\n\n\n<p>Dicha inversi\u00f3n est\u00e1 compuesta por equipos italianos, alemanes y\namericanos, donde la mano de obra de la empresa se capacit\u00f3 tanto en Alemania\ncomo en Estados Unidos para poder operarlos. Adem\u00e1s, para su correcto\nfuncionamiento, se ampliaron las instalaciones existentes. <\/p>\n\n\n\n<p>Los tubos, de hasta 10 pulgadas de di\u00e1metro, ya se han utilizado en\nproyectos como: la ampliaci\u00f3n del Aeropuerto Internacional de Ezeiza; el Paseo\ndel Bajo; y estructuras para paneles fotovoltaicos. Adem\u00e1s, se destinar\u00e1n para\nla fabricaci\u00f3n de gasoductos y la conducci\u00f3n de petr\u00f3leo.&nbsp; <\/p>\n\n\n\n<p>Durante la apertura, los presentes compartieron un video institucional\ncon im\u00e1genes de los proyectos m\u00e1s sobresalientes de la firma. Las autoridades recorrieron\nla planta y realizaron el tradicional corte de cinta para dar por inaugurada la\nnueva l\u00ednea productiva. <\/p>\n\n\n\n<p>Tubos Argentinos es la primera f\u00e1brica latinoamericana de tubos de\nacero. Con m\u00e1s de 100 a\u00f1os de trayectoria, brinda una amplia gama de tubos\nestructurales, ca\u00f1os de conducci\u00f3n, perfiles y productos para la construcci\u00f3n\nde Latinoam\u00e9rica.<\/p>\n\n\n\n<p>Estuvieron en la presentaci\u00f3n: el embajador de Chile en Argentina,\nSergio Urrejola Monckeberg; el secretario de Industria de la Naci\u00f3n, Fernando\nGrasso; el subsecretario de Energ\u00edas Renovables, Sebasti\u00e1n Kind; el\nsubsecretario de Compras P\u00fablicas y Desarrollo de Proveedores, Sergio\nDrucaroff; el director de Desarrollo de Proveedores de la Naci\u00f3n, Eduardo\nWegman; el director de Compras Argentinas de la Naci\u00f3n, Diego Rivas; miembros\ndel directorio del grupo CAP. <\/p>\n","protected":false},"excerpt":{"rendered":"<p>El Municipio de Tigre acompa\u00f1\u00f3 a Tubos Argentinos, empresa radicada en la localidad El Talar, en la presentaci\u00f3n de su nueva l\u00ednea de producci\u00f3n de tubos y ca\u00f1os de acero con costura. El proyecto, realizado con tecnolog\u00eda de punta, permitir\u00e1 potenciar el desarrollo socio econ\u00f3mico de la comunidad y apunta a colaborar en una herramienta [&hellip;]<\/p>\n","protected":false},"author":1,"featured_media":1500,"comment_status":"open","ping_status":"open","sticky":false,"template":"","format":"standard","meta":{"footnotes":""},"categories":[15],"tags":[],"class_list":{"0":"post-1499","1":"post","2":"type-post","3":"status-publish","4":"format-standard","5":"has-post-thumbnail","7":"category-pacheco-digital"},"_links":{"self":[{"href":"https:\/\/provinciadigital.com.ar\/index.php?rest_route=\/wp\/v2\/posts\/1499","targetHints":{"allow":["GET"]}}],"collection":[{"href":"https:\/\/provinciadigital.com.ar\/index.php?rest_route=\/wp\/v2\/posts"}],"about":[{"href":"https:\/\/provinciadigital.com.ar\/index.php?rest_route=\/wp\/v2\/types\/post"}],"author":[{"embeddable":true,"href":"https:\/\/provinciadigital.com.ar\/index.php?rest_route=\/wp\/v2\/users\/1"}],"replies":[{"embeddable":true,"href":"https:\/\/provinciadigital.com.ar\/index.php?rest_route=%2Fwp%2Fv2%2Fcomments&post=1499"}],"version-history":[{"count":1,"href":"https:\/\/provinciadigital.com.ar\/index.php?rest_route=\/wp\/v2\/posts\/1499\/revisions"}],"predecessor-version":[{"id":1501,"href":"https:\/\/provinciadigital.com.ar\/index.php?rest_route=\/wp\/v2\/posts\/1499\/revisions\/1501"}],"wp:featuredmedia":[{"embeddable":true,"href":"https:\/\/provinciadigital.com.ar\/index.php?rest_route=\/wp\/v2\/media\/1500"}],"wp:attachment":[{"href":"https:\/\/provinciadigital.com.ar\/index.php?rest_route=%2Fwp%2Fv2%2Fmedia&parent=1499"}],"wp:term":[{"taxonomy":"category","embeddable":true,"href":"https:\/\/provinciadigital.com.ar\/index.php?rest_route=%2Fwp%2Fv2%2Fcategories&post=1499"},{"taxonomy":"post_tag","embeddable":true,"href":"https:\/\/provinciadigital.com.ar\/index.php?rest_route=%2Fwp%2Fv2%2Ftags&post=1499"}],"curies":[{"name":"wp","href":"https:\/\/api.w.org\/{rel}","templated":true}]}}