{"id":1502,"date":"2019-04-29T03:19:37","date_gmt":"2019-04-29T03:19:37","guid":{"rendered":"http:\/\/provinciadigital.com.ar\/?p=1502"},"modified":"2019-04-29T03:19:38","modified_gmt":"2019-04-29T03:19:38","slug":"unidos-por-la-inclusion-en-el-centro-de-rehabilitacion-frida-kahlo","status":"publish","type":"post","link":"https:\/\/provinciadigital.com.ar\/?p=1502","title":{"rendered":"unidos por la inclusi\u00f3n en el centro de rehabilitaci\u00f3n frida kahlo"},"content":{"rendered":"\n<p>Con el lema \u201cUnidos por la Inclusi\u00f3n\u201d, el Municipio de Tigre realiz\u00f3 una\nkermesse para concientizar sobre los derechos de las personas con discapacidad\nen el Centro de Rehabilitaci\u00f3n Frida Kahlo, en General Pacheco. Arte adaptado,\nm\u00fasica, pintura de murales y m\u00faltiples juegos fueron algunas de las atracciones\nde las que disfrutaron los vecinos en el marco del Mes de Concientizaci\u00f3n del\nAutismo decretado por el Honorable Concejo Deliberante (HCD).<\/p>\n\n\n\n<p>\u201cLo que buscamos es terminar con las barreras, alcanzar una comunidad\ncon plena igualdad de derechos. Los valores de integraci\u00f3n e inclusi\u00f3n son\nclaves en este aspecto, y motivados por la felicidad de los vecinos vamos a\nseguir trabajando en este sentido\u201d, se\u00f1al\u00f3 la concejala, Gisela Zamora.<\/p>\n\n\n\n<p>El evento, que cont\u00f3 con la colaboraci\u00f3n de la organizaci\u00f3n social\n\u201cAutismo Tigre\u201d, ofreci\u00f3 una exposici\u00f3n de arte adaptado para personas ciegas\nllevada adelante por la artista invitada Coni Panizza, quien adem\u00e1s pint\u00f3 el\nfrente del centro con el objetivo de aumentar el conocimiento sobre la lengua\nde se\u00f1as. De la misma manera, los vecinos del programa \u201cArte Inclusivo\u201d y del\nInstituto \u201cUn Lugar\u201d de Don Torcuato, tambi\u00e9n disfrutaron de la posibilidad de\npintar un mural propio.<\/p>\n\n\n\n<p>Estuvo presente tambi\u00e9n la organizaci\u00f3n Todos Hacemos M\u00fasica, que junto\ncon quienes expusieron sus cuadros, los emprendedores locales que vendieron sus\nproductos fruto de los talleres municipales y los juegos para los m\u00e1s peque\u00f1os,\ncompletaron la variada e inclusiva oferta de la kermesse. <\/p>\n\n\n\n<p>Estuvieron presentes: el concejal, Rodrigo Molinos; el subsecretario de\nPromoci\u00f3n Social, Marcelo Marina; el director de Arte Inclusivo, Diego Motsch;\nel director general de Programas Deportivos, Julio Nocioni; el delegado de\nGeneral Pacheco, Claudio Staub; representantes de organizaciones sociales y\nvecinos.<\/p>\n","protected":false},"excerpt":{"rendered":"<p>Con el lema \u201cUnidos por la Inclusi\u00f3n\u201d, el Municipio de Tigre realiz\u00f3 una kermesse para concientizar sobre los derechos de las personas con discapacidad en el Centro de Rehabilitaci\u00f3n Frida Kahlo, en General Pacheco. Arte adaptado, m\u00fasica, pintura de murales y m\u00faltiples juegos fueron algunas de las atracciones de las que disfrutaron los vecinos en [&hellip;]<\/p>\n","protected":false},"author":1,"featured_media":1503,"comment_status":"open","ping_status":"open","sticky":false,"template":"","format":"standard","meta":{"footnotes":""},"categories":[15],"tags":[],"class_list":{"0":"post-1502","1":"post","2":"type-post","3":"status-publish","4":"format-standard","5":"has-post-thumbnail","7":"category-pacheco-digital"},"_links":{"self":[{"href":"https:\/\/provinciadigital.com.ar\/index.php?rest_route=\/wp\/v2\/posts\/1502","targetHints":{"allow":["GET"]}}],"collection":[{"href":"https:\/\/provinciadigital.com.ar\/index.php?rest_route=\/wp\/v2\/posts"}],"about":[{"href":"https:\/\/provinciadigital.com.ar\/index.php?rest_route=\/wp\/v2\/types\/post"}],"author":[{"embeddable":true,"href":"https:\/\/provinciadigital.com.ar\/index.php?rest_route=\/wp\/v2\/users\/1"}],"replies":[{"embeddable":true,"href":"https:\/\/provinciadigital.com.ar\/index.php?rest_route=%2Fwp%2Fv2%2Fcomments&post=1502"}],"version-history":[{"count":1,"href":"https:\/\/provinciadigital.com.ar\/index.php?rest_route=\/wp\/v2\/posts\/1502\/revisions"}],"predecessor-version":[{"id":1504,"href":"https:\/\/provinciadigital.com.ar\/index.php?rest_route=\/wp\/v2\/posts\/1502\/revisions\/1504"}],"wp:featuredmedia":[{"embeddable":true,"href":"https:\/\/provinciadigital.com.ar\/index.php?rest_route=\/wp\/v2\/media\/1503"}],"wp:attachment":[{"href":"https:\/\/provinciadigital.com.ar\/index.php?rest_route=%2Fwp%2Fv2%2Fmedia&parent=1502"}],"wp:term":[{"taxonomy":"category","embeddable":true,"href":"https:\/\/provinciadigital.com.ar\/index.php?rest_route=%2Fwp%2Fv2%2Fcategories&post=1502"},{"taxonomy":"post_tag","embeddable":true,"href":"https:\/\/provinciadigital.com.ar\/index.php?rest_route=%2Fwp%2Fv2%2Ftags&post=1502"}],"curies":[{"name":"wp","href":"https:\/\/api.w.org\/{rel}","templated":true}]}}