{"id":1509,"date":"2019-04-29T03:25:43","date_gmt":"2019-04-29T03:25:43","guid":{"rendered":"http:\/\/provinciadigital.com.ar\/?p=1509"},"modified":"2019-04-29T03:25:44","modified_gmt":"2019-04-29T03:25:44","slug":"nuevas-veredas-en-general-pacheco","status":"publish","type":"post","link":"https:\/\/provinciadigital.com.ar\/?p=1509","title":{"rendered":"NUEVAS VEREDAS EN GENERAL PACHECO"},"content":{"rendered":"\n<p>Junto a parte de su equipo de trabajo, el intendente de Tigre, Julio\nZamora, recorri\u00f3 la localidad de General Pacheco para supervisar el avance del\nplan de renovaci\u00f3n de veredas, as\u00ed como los trabajos de desobstrucci\u00f3n de\nc\u00e1maras en la zona.<\/p>\n\n\n\n<p>&#8220;Seguimos trabajando para hacer de Tigre una ciudad m\u00e1s accesible.\nLos trabajos son encarados con fondos municipales y no implican costo para el\nfrentista. Queremos que los vecinos puedan contar con obras seguras y de\ncalidad&#8221;, destac\u00f3 el jefe comunal.<\/p>\n\n\n\n<p>Respecto del plan de veredas, los trabajos comprenden 8 cuadras y se\nrealizan desde la calle Patagonia y Chile a Patagonia y Av. de Los\nConstituyentes. Adem\u00e1s, entre las mismas arterias se realizan reparaciones en\naquellas que se encuentran en mal estado. <\/p>\n\n\n\n<p>Por otro lado, personal municipal lleva adelante la limpieza de c\u00e1maras\nen los barrios San Mart\u00edn y El Zorzal. Son 5 cuadras sobre la calle Neuqu\u00e9n,\ndesde Av. de Los Constituyentes a O&#8217;Higgins; y tambi\u00e9n otra sobre Chubut, entre\nMontevideo y Bogot\u00e1. <\/p>\n\n\n\n<p>Para mayor informaci\u00f3n, los vecinos pueden dirigirse a la delegaci\u00f3n de\nGeneral Pacheco, ubicada en Santiago del Estero 350, de lunes a viernes de 8 a\n16 hs \u00f3 comunicarse al 4512-9970. <\/p>\n\n\n\n<p>El intendente estuvo acompa\u00f1ado por el secretario de Obras y Servicios\nP\u00fablicos, Pedro Heyde; y el delegado General Pacheco, Claudio Staub.&nbsp;&nbsp; <\/p>\n","protected":false},"excerpt":{"rendered":"<p>Junto a parte de su equipo de trabajo, el intendente de Tigre, Julio Zamora, recorri\u00f3 la localidad de General Pacheco para supervisar el avance del plan de renovaci\u00f3n de veredas, as\u00ed como los trabajos de desobstrucci\u00f3n de c\u00e1maras en la zona. &#8220;Seguimos trabajando para hacer de Tigre una ciudad m\u00e1s accesible. Los trabajos son encarados [&hellip;]<\/p>\n","protected":false},"author":1,"featured_media":1510,"comment_status":"open","ping_status":"open","sticky":false,"template":"","format":"standard","meta":{"footnotes":""},"categories":[15],"tags":[],"class_list":{"0":"post-1509","1":"post","2":"type-post","3":"status-publish","4":"format-standard","5":"has-post-thumbnail","7":"category-pacheco-digital"},"_links":{"self":[{"href":"https:\/\/provinciadigital.com.ar\/index.php?rest_route=\/wp\/v2\/posts\/1509","targetHints":{"allow":["GET"]}}],"collection":[{"href":"https:\/\/provinciadigital.com.ar\/index.php?rest_route=\/wp\/v2\/posts"}],"about":[{"href":"https:\/\/provinciadigital.com.ar\/index.php?rest_route=\/wp\/v2\/types\/post"}],"author":[{"embeddable":true,"href":"https:\/\/provinciadigital.com.ar\/index.php?rest_route=\/wp\/v2\/users\/1"}],"replies":[{"embeddable":true,"href":"https:\/\/provinciadigital.com.ar\/index.php?rest_route=%2Fwp%2Fv2%2Fcomments&post=1509"}],"version-history":[{"count":1,"href":"https:\/\/provinciadigital.com.ar\/index.php?rest_route=\/wp\/v2\/posts\/1509\/revisions"}],"predecessor-version":[{"id":1511,"href":"https:\/\/provinciadigital.com.ar\/index.php?rest_route=\/wp\/v2\/posts\/1509\/revisions\/1511"}],"wp:featuredmedia":[{"embeddable":true,"href":"https:\/\/provinciadigital.com.ar\/index.php?rest_route=\/wp\/v2\/media\/1510"}],"wp:attachment":[{"href":"https:\/\/provinciadigital.com.ar\/index.php?rest_route=%2Fwp%2Fv2%2Fmedia&parent=1509"}],"wp:term":[{"taxonomy":"category","embeddable":true,"href":"https:\/\/provinciadigital.com.ar\/index.php?rest_route=%2Fwp%2Fv2%2Fcategories&post=1509"},{"taxonomy":"post_tag","embeddable":true,"href":"https:\/\/provinciadigital.com.ar\/index.php?rest_route=%2Fwp%2Fv2%2Ftags&post=1509"}],"curies":[{"name":"wp","href":"https:\/\/api.w.org\/{rel}","templated":true}]}}