{"id":1515,"date":"2019-06-04T23:01:38","date_gmt":"2019-06-04T23:01:38","guid":{"rendered":"http:\/\/provinciadigital.com.ar\/?p=1515"},"modified":"2019-06-04T23:01:39","modified_gmt":"2019-06-04T23:01:39","slug":"general-pacheco-festejo-su-143-aniversario-con-actividades-durante-todo-el-mes-de-mayo","status":"publish","type":"post","link":"https:\/\/provinciadigital.com.ar\/?p=1515","title":{"rendered":"General Pacheco festejo su 143 aniversario con actividades durante todo el mes de mayo"},"content":{"rendered":"\n<p>La comunidad de Gral. Pacheco festej\u00f3 con una variada agenda de\nactividades durante todo el me de mayo el 143\u00ba aniversario de nuestra\nlocalidad.<\/p>\n\n\n\n<p>Con una dramatizaci\u00f3n que comenz\u00f3 en el museo de General Pacheco y\nconcluy\u00f3 en la plaza abrieron las actividades conmemorativas por nuestro\naniversario.<\/p>\n\n\n\n<p>El acto central se realiz\u00f3 algunas semanas despu\u00e9s en la plaza central,\njunto a centenares de vecinos que disfrutaron de shows de m\u00fasica, danzas y\nactividades para toda la familia.<\/p>\n\n\n\n<p>\u201cEs una satisfacci\u00f3n enorme compartir la celebraci\u00f3n de un nuevo a\u00f1o de\nesta localidad, que es uno de los motores de nuestra ciudad por su cultura,\nindustrias y su comercio. Este festejo lo hacemos mediante un trabajo\nmancomunado entre el municipio y las instituciones intermedias que son quienes\ntienen el contacto diario con nuestra gente\u201d, expres\u00f3 Zamora.<\/p>\n\n\n\n<p>Durante la jornada, se proyect\u00f3 un video con un repaso por la historia y\nel desarrollo de la localidad. Luego, el p\u00fablico disfrut\u00f3 de presentaciones\ndanza de tango, folclore, zumba y shows musicales en vivo, a cargo de\nagrupaciones locales de diversas entidades. En horas de la noche, se lucieron\nsobre escenario los cantantes de tango Mar\u00eda Jos\u00e9 Mentana y Alberto Bianco,\ndeclarado recientemente como Personalidad Destacada de la Cultura de Tigre.<\/p>\n\n\n\n<p>Sobre el final de la celebraci\u00f3n, subieron una torta al escenario para\nque autoridades municipales, representantes de instituciones y vecinos canten\nel feliz cumplea\u00f1os a la localidad. Por \u00faltimo, se otorgaron reconocimientos a\nlas entidades que participaron del evento.<\/p>\n\n\n\n<p>Las organizaciones de la comunidad que colaboraron en la planificaci\u00f3n\nde la actividad fueron: Rotary Club y Club de Leones de General Pacheco, Club\nPacheco, C\u00e1mara de Comercio de General Pacheco, Fundaci\u00f3n Diarc, Museo Hist\u00f3rico,\nBiblioteca Popular Castelli, Centro de ex Combatientes de las Islas Malvinas\nArgentinas, Damas Rosadas, Cooperadora del hospital de Pacheco, Universidad\nT\u00e9cnica Nacional (UTN) y el Club de Ajedrez.<\/p>\n\n\n\n<p>Estuvieron presentes durante la jornada, adem\u00e1s, las concejalas Gisela\nZamora y Gladys Poll\u00e1n; el secretario General y de Econom\u00eda, Fernando Laur\u00eda;\nel secretario de Participaci\u00f3n y Relaciones con la Comunidad, Emiliano\nMansilla; el secretario de Salud, Fernando Abramzon; el subsecretario de\nEmpleo, Eduardo Adelinet; el director general de Entidades Intermedias,\nSantiago Castillo y el delegado de General Pacheco, Claudio Staub.<\/p>\n","protected":false},"excerpt":{"rendered":"<p>La comunidad de Gral. Pacheco festej\u00f3 con una variada agenda de actividades durante todo el me de mayo el 143\u00ba aniversario de nuestra localidad. Con una dramatizaci\u00f3n que comenz\u00f3 en el museo de General Pacheco y concluy\u00f3 en la plaza abrieron las actividades conmemorativas por nuestro aniversario. El acto central se realiz\u00f3 algunas semanas despu\u00e9s [&hellip;]<\/p>\n","protected":false},"author":1,"featured_media":1516,"comment_status":"open","ping_status":"open","sticky":false,"template":"","format":"standard","meta":{"footnotes":""},"categories":[15],"tags":[],"class_list":{"0":"post-1515","1":"post","2":"type-post","3":"status-publish","4":"format-standard","5":"has-post-thumbnail","7":"category-pacheco-digital"},"_links":{"self":[{"href":"https:\/\/provinciadigital.com.ar\/index.php?rest_route=\/wp\/v2\/posts\/1515","targetHints":{"allow":["GET"]}}],"collection":[{"href":"https:\/\/provinciadigital.com.ar\/index.php?rest_route=\/wp\/v2\/posts"}],"about":[{"href":"https:\/\/provinciadigital.com.ar\/index.php?rest_route=\/wp\/v2\/types\/post"}],"author":[{"embeddable":true,"href":"https:\/\/provinciadigital.com.ar\/index.php?rest_route=\/wp\/v2\/users\/1"}],"replies":[{"embeddable":true,"href":"https:\/\/provinciadigital.com.ar\/index.php?rest_route=%2Fwp%2Fv2%2Fcomments&post=1515"}],"version-history":[{"count":1,"href":"https:\/\/provinciadigital.com.ar\/index.php?rest_route=\/wp\/v2\/posts\/1515\/revisions"}],"predecessor-version":[{"id":1517,"href":"https:\/\/provinciadigital.com.ar\/index.php?rest_route=\/wp\/v2\/posts\/1515\/revisions\/1517"}],"wp:featuredmedia":[{"embeddable":true,"href":"https:\/\/provinciadigital.com.ar\/index.php?rest_route=\/wp\/v2\/media\/1516"}],"wp:attachment":[{"href":"https:\/\/provinciadigital.com.ar\/index.php?rest_route=%2Fwp%2Fv2%2Fmedia&parent=1515"}],"wp:term":[{"taxonomy":"category","embeddable":true,"href":"https:\/\/provinciadigital.com.ar\/index.php?rest_route=%2Fwp%2Fv2%2Fcategories&post=1515"},{"taxonomy":"post_tag","embeddable":true,"href":"https:\/\/provinciadigital.com.ar\/index.php?rest_route=%2Fwp%2Fv2%2Ftags&post=1515"}],"curies":[{"name":"wp","href":"https:\/\/api.w.org\/{rel}","templated":true}]}}