{"id":1966,"date":"2020-03-01T19:00:52","date_gmt":"2020-03-01T19:00:52","guid":{"rendered":"http:\/\/provinciadigital.com.ar\/?p=1966"},"modified":"2020-03-01T19:00:53","modified_gmt":"2020-03-01T19:00:53","slug":"avanza-la-reparacion-de-losas-en-calles-de-el-talar","status":"publish","type":"post","link":"https:\/\/provinciadigital.com.ar\/?p=1966","title":{"rendered":"AVANZA LA REPARACION DE LOSAS EN CALLES DE EL TALAR"},"content":{"rendered":"\n<p>Con recursos \u00edntegramente municipales, avanza en la reparaci\u00f3n y mejoras\nde losas de hormig\u00f3n sobre la calle Liquidambar, entre Italia y 11 de febrero,\nen el barrio La Paloma de El Talar. Estos trabajos se est\u00e1n realizando en\ndistintas localidades del distrito ya que los vecinos los hab\u00edan pedido hace\ntiempo.<\/p>\n\n\n\n<p>Una vez finalizada la obra, permitir\u00e1 brindar mayor seguridad para los\nconductores, como as\u00ed tambi\u00e9n permitir\u00e1 mayor fluidez en el escurrimiento de\nagua producida por fuertes lluvias.<\/p>\n\n\n\n<p>Estas tareas se suman a otras ejecutadas por las delegaciones\nmunicipales como la recolecci\u00f3n de mont\u00edculos, construcci\u00f3n y reparaci\u00f3n de\nveredas, conexi\u00f3n de luminarias, se\u00f1alizaci\u00f3n y demarcaci\u00f3n vial, trabajos de\nentubamiento, entre otros.<\/p>\n\n\n\n<p>Ante consultas, los vecinos de La Paloma podr\u00e1n dirigirse a la\ndelegaci\u00f3n correspondiente, ubicada en Tte. Gral. Juan Jos\u00e9 Valle 1871, El\nTalar, de lunes a viernes, de 8 a 16 hs; comunicarse telef\u00f3nicamente al 4512-9916\no enviar un correo electr\u00f3nico al e-mail: deleglapaloma@tigre.gob.ar.<\/p>\n","protected":false},"excerpt":{"rendered":"<p>Con recursos \u00edntegramente municipales, avanza en la reparaci\u00f3n y mejoras de losas de hormig\u00f3n sobre la calle Liquidambar, entre Italia y 11 de febrero, en el barrio La Paloma de El Talar. Estos trabajos se est\u00e1n realizando en distintas localidades del distrito ya que los vecinos los hab\u00edan pedido hace tiempo. Una vez finalizada la [&hellip;]<\/p>\n","protected":false},"author":1,"featured_media":1967,"comment_status":"open","ping_status":"open","sticky":false,"template":"","format":"standard","meta":{"footnotes":""},"categories":[15],"tags":[],"class_list":{"0":"post-1966","1":"post","2":"type-post","3":"status-publish","4":"format-standard","5":"has-post-thumbnail","7":"category-pacheco-digital"},"_links":{"self":[{"href":"https:\/\/provinciadigital.com.ar\/index.php?rest_route=\/wp\/v2\/posts\/1966","targetHints":{"allow":["GET"]}}],"collection":[{"href":"https:\/\/provinciadigital.com.ar\/index.php?rest_route=\/wp\/v2\/posts"}],"about":[{"href":"https:\/\/provinciadigital.com.ar\/index.php?rest_route=\/wp\/v2\/types\/post"}],"author":[{"embeddable":true,"href":"https:\/\/provinciadigital.com.ar\/index.php?rest_route=\/wp\/v2\/users\/1"}],"replies":[{"embeddable":true,"href":"https:\/\/provinciadigital.com.ar\/index.php?rest_route=%2Fwp%2Fv2%2Fcomments&post=1966"}],"version-history":[{"count":1,"href":"https:\/\/provinciadigital.com.ar\/index.php?rest_route=\/wp\/v2\/posts\/1966\/revisions"}],"predecessor-version":[{"id":1968,"href":"https:\/\/provinciadigital.com.ar\/index.php?rest_route=\/wp\/v2\/posts\/1966\/revisions\/1968"}],"wp:featuredmedia":[{"embeddable":true,"href":"https:\/\/provinciadigital.com.ar\/index.php?rest_route=\/wp\/v2\/media\/1967"}],"wp:attachment":[{"href":"https:\/\/provinciadigital.com.ar\/index.php?rest_route=%2Fwp%2Fv2%2Fmedia&parent=1966"}],"wp:term":[{"taxonomy":"category","embeddable":true,"href":"https:\/\/provinciadigital.com.ar\/index.php?rest_route=%2Fwp%2Fv2%2Fcategories&post=1966"},{"taxonomy":"post_tag","embeddable":true,"href":"https:\/\/provinciadigital.com.ar\/index.php?rest_route=%2Fwp%2Fv2%2Ftags&post=1966"}],"curies":[{"name":"wp","href":"https:\/\/api.w.org\/{rel}","templated":true}]}}