{"id":212,"date":"2018-02-24T23:56:57","date_gmt":"2018-02-24T23:56:57","guid":{"rendered":"http:\/\/provinciadigital.com.ar\/?p=212"},"modified":"2018-02-24T23:56:57","modified_gmt":"2018-02-24T23:56:57","slug":"el-ahorcado","status":"publish","type":"post","link":"https:\/\/provinciadigital.com.ar\/?p=212","title":{"rendered":"\u201cEL AHORCADO\u201d"},"content":{"rendered":"<p>Finalmente luego de algunos tironeos entre la Naci\u00f3n y el Municipio en un acto compartido firmaron con los vecinos el acta compromiso para el inicio de las obras de urbanizaci\u00f3n del barrio El Ahorcado. El intendente\u00a0 Julio Zamora y la subsecretaria de H\u00e1bitat y Desarrollo Humano de la Naci\u00f3n, Marina Klemensiewicz, firmaron el acta de inicio de las obras.<\/p>\n<p>Los trabajos que se realizar\u00e1n\u00a0 implicaran una inversi\u00f3n cercana a los 115 millones de pesos, consiste en la instalaci\u00f3n del tendido el\u00e9ctrico, redes cloacales y de agua potable, pavimentaci\u00f3n y apertura de calles, y relocalizaci\u00f3n de 52 viviendas, que mejorar\u00e1n la calidad de vida de numerosas familias que habitan el barrio.<\/p>\n<p>\u201cEsta obra representa un paso m\u00e1s en nuestro trabajo cotidiano para mejorar la calidad de vida de los vecinos de todo Tigre. Son fondos del gobierno nacional que administrar\u00e1 el municipio, es un esfuerzo conjunto pensado para la gente. Tenemos el compromiso de construir una ciudad a escala humana, donde el vecino sea el centro y el destinatario de todas las pol\u00edticas de Estado\u201d, manifest\u00f3 el intendente Zamora, quien luego del acto, recorri\u00f3 el barrio y dialog\u00f3 con los vecinos.<\/p>\n<p>El proyecto de urbanizaci\u00f3n del barrio El Ahorcado surgi\u00f3 de un diagn\u00f3stico elaborado por el Municipio de Tigre, en el que se cens\u00f3 a todos sus habitantes con el objetivo de detectar las necesidades m\u00e1s importantes. Posteriormente, la comuna present\u00f3 la propuesta a la subsecretar\u00eda de H\u00e1bitat de Naci\u00f3n y la misma fue aprobada.<\/p>\n<p>Por su parte, Marina Klemensiewicz destac\u00f3 \u201cEl convenio se firm\u00f3 con la ilusi\u00f3n de comenzar con lo que consideramos es el gran sue\u00f1o de ver que se le puede transformar la realidad a la gente. Aqu\u00ed hay un equipo de trabajo conjunto de naci\u00f3n y municipio para tratar de dar soluciones a las familias del barrio\u201d.<\/p>\n<p>\u201cCon el fin de brindar soluciones y mejorar la calidad de vida de los vecinos del barrio, se completar\u00e1 la instalaci\u00f3n de los servicios b\u00e1sicos de redes de agua, cloacas y gas. Para ello, deber\u00e1n ejecutarse 77 conexiones de agua corriente, 85 de cloacas y 79 de gas con sus respectivos medidores.<\/p>\n<p>Las obras incluyen la pavimentaci\u00f3n de 5738 m2 en las calles Rocamora, Carmen de Areco y Domingo de Irala. A su vez, el tendido el\u00e9ctrico ir\u00e1 desde la intersecci\u00f3n de las calles Pampa\u00a0 e Irala brindando red a trav\u00e9s de las calles Irala y Carmen de Areco.<\/p>\n<p>Por otro lado, se realizar\u00e1n veredas de hormig\u00f3n para el uso peatonal y se colocar\u00e1n contenedores de residuos para que se pueda llevar a cabo la recolecci\u00f3n de basura.<\/p>\n<p>Estuvieron presentes: La presidenta del Honorable Concejo Deliberante, Alejandra Nardi; los concejales del oficialismo Rodrigo Molinos, Luis Samyn Duc\u00f3 y Gisela Zamora y del bloque Cambiemos Segundo Cernadas, Mat\u00edas Casaretto y Victoria Burs;\u00a0 el secretario de Pol\u00edtica Sanitaria y Desarrollo Humano, Gonzalo Meschengieser; \u00a0el secretario de Participaci\u00f3n y Relaciones con la Comunidad, Emiliano Mansilla;\u00a0 el secretario de Servicios P\u00fablicos y Conservaci\u00f3n de Infraestructura, Pedro Heyde; el subsecretario de Promoci\u00f3n Social, Marcelo Marina;\u00a0 la directora general de H\u00e1bitat, Laura P\u00e9rez; la directora general de Organizaciones Comunitarias, Sandra Rossi; el presidente del Consejo Escolar, Adri\u00e1n Pintos y el delegado de Rinc\u00f3n de Milberg, Jorge Santoro entre otros.<\/p>\n<div id='gallery-1' class='gallery galleryid-212 gallery-columns-3 gallery-size-large'><figure class='gallery-item'>\n\t\t\t<div class='gallery-icon landscape'>\n\t\t\t\t<a href='https:\/\/provinciadigital.com.ar\/?attachment_id=220'><img loading=\"lazy\" decoding=\"async\" width=\"696\" height=\"522\" src=\"https:\/\/provinciadigital.com.ar\/wp-content\/uploads\/2018\/02\/27459425_1435610719883274_111061671362343518_n.jpg\" class=\"attachment-large size-large\" alt=\"\" srcset=\"https:\/\/provinciadigital.com.ar\/wp-content\/uploads\/2018\/02\/27459425_1435610719883274_111061671362343518_n.jpg 960w, https:\/\/provinciadigital.com.ar\/wp-content\/uploads\/2018\/02\/27459425_1435610719883274_111061671362343518_n-300x225.jpg 300w, https:\/\/provinciadigital.com.ar\/wp-content\/uploads\/2018\/02\/27459425_1435610719883274_111061671362343518_n-768x576.jpg 768w, https:\/\/provinciadigital.com.ar\/wp-content\/uploads\/2018\/02\/27459425_1435610719883274_111061671362343518_n-80x60.jpg 80w, https:\/\/provinciadigital.com.ar\/wp-content\/uploads\/2018\/02\/27459425_1435610719883274_111061671362343518_n-265x198.jpg 265w, https:\/\/provinciadigital.com.ar\/wp-content\/uploads\/2018\/02\/27459425_1435610719883274_111061671362343518_n-696x522.jpg 696w, https:\/\/provinciadigital.com.ar\/wp-content\/uploads\/2018\/02\/27459425_1435610719883274_111061671362343518_n-560x420.jpg 560w\" sizes=\"auto, (max-width: 696px) 100vw, 696px\" \/><\/a>\n\t\t\t<\/div><\/figure><figure class='gallery-item'>\n\t\t\t<div class='gallery-icon landscape'>\n\t\t\t\t<a href='https:\/\/provinciadigital.com.ar\/?attachment_id=219'><img loading=\"lazy\" decoding=\"async\" width=\"696\" height=\"522\" src=\"https:\/\/provinciadigital.com.ar\/wp-content\/uploads\/2018\/02\/27459359_1435608306550182_5850631322294980289_n.jpg\" class=\"attachment-large size-large\" alt=\"\" srcset=\"https:\/\/provinciadigital.com.ar\/wp-content\/uploads\/2018\/02\/27459359_1435608306550182_5850631322294980289_n.jpg 960w, https:\/\/provinciadigital.com.ar\/wp-content\/uploads\/2018\/02\/27459359_1435608306550182_5850631322294980289_n-300x225.jpg 300w, https:\/\/provinciadigital.com.ar\/wp-content\/uploads\/2018\/02\/27459359_1435608306550182_5850631322294980289_n-768x576.jpg 768w, https:\/\/provinciadigital.com.ar\/wp-content\/uploads\/2018\/02\/27459359_1435608306550182_5850631322294980289_n-80x60.jpg 80w, https:\/\/provinciadigital.com.ar\/wp-content\/uploads\/2018\/02\/27459359_1435608306550182_5850631322294980289_n-265x198.jpg 265w, https:\/\/provinciadigital.com.ar\/wp-content\/uploads\/2018\/02\/27459359_1435608306550182_5850631322294980289_n-696x522.jpg 696w, https:\/\/provinciadigital.com.ar\/wp-content\/uploads\/2018\/02\/27459359_1435608306550182_5850631322294980289_n-560x420.jpg 560w\" sizes=\"auto, (max-width: 696px) 100vw, 696px\" \/><\/a>\n\t\t\t<\/div><\/figure><figure class='gallery-item'>\n\t\t\t<div class='gallery-icon landscape'>\n\t\t\t\t<a href='https:\/\/provinciadigital.com.ar\/?attachment_id=218'><img loading=\"lazy\" decoding=\"async\" width=\"600\" height=\"400\" src=\"https:\/\/provinciadigital.com.ar\/wp-content\/uploads\/2018\/02\/5a73ad79821ab89837386a0a.jpg\" class=\"attachment-large size-large\" alt=\"\" srcset=\"https:\/\/provinciadigital.com.ar\/wp-content\/uploads\/2018\/02\/5a73ad79821ab89837386a0a.jpg 600w, https:\/\/provinciadigital.com.ar\/wp-content\/uploads\/2018\/02\/5a73ad79821ab89837386a0a-300x200.jpg 300w\" sizes=\"auto, (max-width: 600px) 100vw, 600px\" \/><\/a>\n\t\t\t<\/div><\/figure><figure class='gallery-item'>\n\t\t\t<div class='gallery-icon landscape'>\n\t\t\t\t<a href='https:\/\/provinciadigital.com.ar\/?attachment_id=217'><img loading=\"lazy\" decoding=\"async\" width=\"600\" height=\"399\" src=\"https:\/\/provinciadigital.com.ar\/wp-content\/uploads\/2018\/02\/5a73ad49821ab89837386a06.jpg\" class=\"attachment-large size-large\" alt=\"\" srcset=\"https:\/\/provinciadigital.com.ar\/wp-content\/uploads\/2018\/02\/5a73ad49821ab89837386a06.jpg 600w, https:\/\/provinciadigital.com.ar\/wp-content\/uploads\/2018\/02\/5a73ad49821ab89837386a06-300x200.jpg 300w\" sizes=\"auto, (max-width: 600px) 100vw, 600px\" \/><\/a>\n\t\t\t<\/div><\/figure><figure class='gallery-item'>\n\t\t\t<div class='gallery-icon landscape'>\n\t\t\t\t<a href='https:\/\/provinciadigital.com.ar\/?attachment_id=216'><img loading=\"lazy\" decoding=\"async\" width=\"600\" height=\"400\" src=\"https:\/\/provinciadigital.com.ar\/wp-content\/uploads\/2018\/02\/5a73ad5228aca66335aba7b2.jpg\" class=\"attachment-large size-large\" alt=\"\" srcset=\"https:\/\/provinciadigital.com.ar\/wp-content\/uploads\/2018\/02\/5a73ad5228aca66335aba7b2.jpg 600w, https:\/\/provinciadigital.com.ar\/wp-content\/uploads\/2018\/02\/5a73ad5228aca66335aba7b2-300x200.jpg 300w\" sizes=\"auto, (max-width: 600px) 100vw, 600px\" \/><\/a>\n\t\t\t<\/div><\/figure><figure class='gallery-item'>\n\t\t\t<div class='gallery-icon landscape'>\n\t\t\t\t<a href='https:\/\/provinciadigital.com.ar\/?attachment_id=215'><img loading=\"lazy\" decoding=\"async\" width=\"600\" height=\"400\" src=\"https:\/\/provinciadigital.com.ar\/wp-content\/uploads\/2018\/02\/5a73aca0c8b5435337c503d5.jpg\" class=\"attachment-large size-large\" alt=\"\" srcset=\"https:\/\/provinciadigital.com.ar\/wp-content\/uploads\/2018\/02\/5a73aca0c8b5435337c503d5.jpg 600w, https:\/\/provinciadigital.com.ar\/wp-content\/uploads\/2018\/02\/5a73aca0c8b5435337c503d5-300x200.jpg 300w\" sizes=\"auto, (max-width: 600px) 100vw, 600px\" \/><\/a>\n\t\t\t<\/div><\/figure><figure class='gallery-item'>\n\t\t\t<div class='gallery-icon landscape'>\n\t\t\t\t<a href='https:\/\/provinciadigital.com.ar\/?attachment_id=214'><img loading=\"lazy\" decoding=\"async\" width=\"600\" height=\"400\" src=\"https:\/\/provinciadigital.com.ar\/wp-content\/uploads\/2018\/02\/5a73ac89821ab89837386a01.jpg\" class=\"attachment-large size-large\" alt=\"\" srcset=\"https:\/\/provinciadigital.com.ar\/wp-content\/uploads\/2018\/02\/5a73ac89821ab89837386a01.jpg 600w, https:\/\/provinciadigital.com.ar\/wp-content\/uploads\/2018\/02\/5a73ac89821ab89837386a01-300x200.jpg 300w\" sizes=\"auto, (max-width: 600px) 100vw, 600px\" \/><\/a>\n\t\t\t<\/div><\/figure><figure class='gallery-item'>\n\t\t\t<div class='gallery-icon landscape'>\n\t\t\t\t<a href='https:\/\/provinciadigital.com.ar\/?attachment_id=213'><img loading=\"lazy\" decoding=\"async\" width=\"600\" height=\"400\" src=\"https:\/\/provinciadigital.com.ar\/wp-content\/uploads\/2018\/02\/5a73ac9228aca66335aba7af.jpg\" class=\"attachment-large size-large\" alt=\"\" srcset=\"https:\/\/provinciadigital.com.ar\/wp-content\/uploads\/2018\/02\/5a73ac9228aca66335aba7af.jpg 600w, https:\/\/provinciadigital.com.ar\/wp-content\/uploads\/2018\/02\/5a73ac9228aca66335aba7af-300x200.jpg 300w\" sizes=\"auto, (max-width: 600px) 100vw, 600px\" \/><\/a>\n\t\t\t<\/div><\/figure>\n\t\t<\/div>\n\n","protected":false},"excerpt":{"rendered":"<p>Finalmente luego de algunos tironeos entre la Naci\u00f3n y el Municipio en un acto compartido firmaron con los vecinos el acta compromiso para el inicio de las obras de urbanizaci\u00f3n del barrio El Ahorcado. El intendente\u00a0 Julio Zamora y la subsecretaria de H\u00e1bitat y Desarrollo Humano de la Naci\u00f3n, Marina Klemensiewicz, firmaron el acta de [&hellip;]<\/p>\n","protected":false},"author":1,"featured_media":215,"comment_status":"open","ping_status":"open","sticky":false,"template":"","format":"standard","meta":{"footnotes":""},"categories":[12],"tags":[],"class_list":{"0":"post-212","1":"post","2":"type-post","3":"status-publish","4":"format-standard","5":"has-post-thumbnail","7":"category-rincon-digital"},"_links":{"self":[{"href":"https:\/\/provinciadigital.com.ar\/index.php?rest_route=\/wp\/v2\/posts\/212","targetHints":{"allow":["GET"]}}],"collection":[{"href":"https:\/\/provinciadigital.com.ar\/index.php?rest_route=\/wp\/v2\/posts"}],"about":[{"href":"https:\/\/provinciadigital.com.ar\/index.php?rest_route=\/wp\/v2\/types\/post"}],"author":[{"embeddable":true,"href":"https:\/\/provinciadigital.com.ar\/index.php?rest_route=\/wp\/v2\/users\/1"}],"replies":[{"embeddable":true,"href":"https:\/\/provinciadigital.com.ar\/index.php?rest_route=%2Fwp%2Fv2%2Fcomments&post=212"}],"version-history":[{"count":1,"href":"https:\/\/provinciadigital.com.ar\/index.php?rest_route=\/wp\/v2\/posts\/212\/revisions"}],"predecessor-version":[{"id":221,"href":"https:\/\/provinciadigital.com.ar\/index.php?rest_route=\/wp\/v2\/posts\/212\/revisions\/221"}],"wp:featuredmedia":[{"embeddable":true,"href":"https:\/\/provinciadigital.com.ar\/index.php?rest_route=\/wp\/v2\/media\/215"}],"wp:attachment":[{"href":"https:\/\/provinciadigital.com.ar\/index.php?rest_route=%2Fwp%2Fv2%2Fmedia&parent=212"}],"wp:term":[{"taxonomy":"category","embeddable":true,"href":"https:\/\/provinciadigital.com.ar\/index.php?rest_route=%2Fwp%2Fv2%2Fcategories&post=212"},{"taxonomy":"post_tag","embeddable":true,"href":"https:\/\/provinciadigital.com.ar\/index.php?rest_route=%2Fwp%2Fv2%2Ftags&post=212"}],"curies":[{"name":"wp","href":"https:\/\/api.w.org\/{rel}","templated":true}]}}