{"id":2318,"date":"2021-03-07T06:45:00","date_gmt":"2021-03-07T06:45:00","guid":{"rendered":"http:\/\/provinciadigital.com.ar\/?p=2318"},"modified":"2021-03-10T04:48:53","modified_gmt":"2021-03-10T04:48:53","slug":"se-concreto-la-historica-restitucion-de-restos-de-ancestros-a-la-comunidad-indigena-punta-querandi","status":"publish","type":"post","link":"https:\/\/provinciadigital.com.ar\/?p=2318","title":{"rendered":"Se concret\u00f3 la hist\u00f3rica restituci\u00f3n de restos de ancestros a la Comunidad Ind\u00edgena Punta Querand\u00ed"},"content":{"rendered":"\n<p>Las y los integrantes de la comunidad de Tigre fueron acompa\u00f1ados en el acto oficial por la diputada provincial Roxana L\u00f3pez y el subsecretario provincial de Derechos Humanos, entre otras autoridades.<\/p>\n\n\n\n<p>Se concret\u00f3 hoy la hist\u00f3rica restituci\u00f3n de los restos \u00f3seos de ocho ancestros a la Comunidad Ind\u00edgena Punta Querand\u00ed de Tigre, en el marco de un acto llevado a cabo en la sede porte\u00f1a del Instituto Nacional de Antropolog\u00eda y Pensamiento Latinoamericano (INAPL) que cont\u00f3 con la participaci\u00f3n de la diputada provincial del Frente de Todos, Roxana L\u00f3pez, y el subsecretario provincial de Derechos Humanos, Mat\u00edas Fern\u00e1ndez Moreno, entre otras autoridades.<\/p>\n\n\n\n<p>\u201cEstoy muy feliz de haber formado parte de un hecho hist\u00f3rico y reivindicatorio para los pueblos originarios. Fue una ceremonia muy emotiva\u201d, expres\u00f3 la legisladora y valor\u00f3: \u201cLa lucha de m\u00e1s de una d\u00e9cada de Punta Querand\u00ed dio sus frutos; hoy lograron recuperar a sus ancestros y hacer justicia\u201d.<\/p>\n\n\n\n<p>La Direcci\u00f3n Provincial de Patrimonio Cultural entreg\u00f3 a la comunidad tigrense los restos \u00f3seos humanos retirados durante la d\u00e9cada del 90 de los sitios arqueol\u00f3gicos Arroyo Gar\u00edn, La Bellaca I y La Bellaca II, que se encuentran situados en las cercan\u00edas del territorio comunitario de Punta Querand\u00ed, en la localidad de Dique Luj\u00e1n. Se trat\u00f3 de la primera restituci\u00f3n en el \u00c1rea Metropolitana de Buenos Aires.<\/p>\n\n\n\n<p>La ceremonia oficial se realiz\u00f3 en la sede del INAPL, ubicada en el barrio porte\u00f1o de Belgrano, donde trabajan los arque\u00f3logos que ten\u00edan los esqueletos en custodia. Los restos fueron recibidos por Reinaldo Roa y Santiago Chara, del Consejo de Ancianos, y Soledad Roa, del Consejo de Mujeres,&nbsp;&nbsp;entre otras y otros integrantes de Punta Querand\u00ed.<\/p>\n\n\n\n<p>Soledad Roa agradeci\u00f3 \u201ca la Naci\u00f3n, la Provincia y el Municipio, y a los hermanos de otras comunidades que nos acompa\u00f1aron en esta lucha\u201d.<\/p>\n\n\n\n<p>&nbsp;\u201cEs un hecho es muy importante porque reconoce la existencia ind\u00edgena en este territorio\u201d, a\u00f1adi\u00f3 y continu\u00f3: \u201cReconoce que a\u00fan estamos ac\u00e1, que nuestra sangre y nuestra memoria vive\u201d.<\/p>\n\n\n\n<p>Por su parte, Reinaldo Roa expres\u00f3: \u201cHay que luchar, hermanos, por la vida. Nosotros no estamos en contra de nadie, estamos a favor de la vida\u201d.<\/p>\n\n\n\n<p>Mientras que a su turno, Santiago Chara manifest\u00f3: \u201cGracias a todos. Ahora nos vamos a sentir m\u00e1s enteros, porque nos faltaba una parte\u201d.<\/p>\n\n\n\n<p>\u201cComo presidenta de la Comisi\u00f3n de Derechos Humanos de la C\u00e1mara de Diputados y tambi\u00e9n como vecina de Tigre, estoy doblemente gratificada por haber podido aportar, desde mi lugar, a la concreci\u00f3n de este acontecimiento\u201d, agreg\u00f3 L\u00f3pez, quien el a\u00f1o pasado present\u00f3 un proyecto para declarar de inter\u00e9s legislativo el proceso de restituci\u00f3n que fue aprobado por la C\u00e1mara de Diputados provincial.<\/p>\n\n\n\n<p>\u201cVamos a seguir trabajando junto a la Subsecretar\u00eda de Derechos Humanos provincial para acompa\u00f1ar a las comunidades ind\u00edgenas en sus propuestas y actividades\u201d, se\u00f1al\u00f3 la legisladora y concluy\u00f3: \u201cEl Estado tiene que saldar la deuda hist\u00f3rica con los pueblos originarios y el gobierno de Axel Kicillof demostr\u00f3 que tiene ese compromiso\u201d.<\/p>\n\n\n\n<p>De la ceremonia en el INAPL tambi\u00e9n formaron parte el secretario ejecutivo del Consejo Provincial de Asuntos Ind\u00edgenas, Nehu\u00e9n Sosa; el director provincial de Patrimonio Cultural, Pedro Delheye; el defensor del pueblo de la provincia de Buenos Aires, Guido Lorenzino; y autoridades del Instituto Nacional de Asuntos Ind\u00edgenas (INAI), el INAPL y el Municipio de Tigre.<\/p>\n","protected":false},"excerpt":{"rendered":"<p>Las y los integrantes de la comunidad de Tigre fueron acompa\u00f1ados en el acto oficial por la diputada provincial Roxana L\u00f3pez y el subsecretario provincial de Derechos Humanos, entre otras autoridades. Se concret\u00f3 hoy la hist\u00f3rica restituci\u00f3n de los restos \u00f3seos de ocho ancestros a la Comunidad Ind\u00edgena Punta Querand\u00ed de Tigre, en el marco [&hellip;]<\/p>\n","protected":false},"author":1,"featured_media":2319,"comment_status":"open","ping_status":"open","sticky":false,"template":"","format":"standard","meta":{"footnotes":""},"categories":[20,21,12],"tags":[69,68,66,67],"class_list":{"0":"post-2318","1":"post","2":"type-post","3":"status-publish","4":"format-standard","5":"has-post-thumbnail","7":"category-provincia","8":"category-municipio","9":"category-rincon-digital","10":"tag-ancestros","11":"tag-historia","12":"tag-punta-querandi","13":"tag-restos"},"_links":{"self":[{"href":"https:\/\/provinciadigital.com.ar\/index.php?rest_route=\/wp\/v2\/posts\/2318","targetHints":{"allow":["GET"]}}],"collection":[{"href":"https:\/\/provinciadigital.com.ar\/index.php?rest_route=\/wp\/v2\/posts"}],"about":[{"href":"https:\/\/provinciadigital.com.ar\/index.php?rest_route=\/wp\/v2\/types\/post"}],"author":[{"embeddable":true,"href":"https:\/\/provinciadigital.com.ar\/index.php?rest_route=\/wp\/v2\/users\/1"}],"replies":[{"embeddable":true,"href":"https:\/\/provinciadigital.com.ar\/index.php?rest_route=%2Fwp%2Fv2%2Fcomments&post=2318"}],"version-history":[{"count":1,"href":"https:\/\/provinciadigital.com.ar\/index.php?rest_route=\/wp\/v2\/posts\/2318\/revisions"}],"predecessor-version":[{"id":2320,"href":"https:\/\/provinciadigital.com.ar\/index.php?rest_route=\/wp\/v2\/posts\/2318\/revisions\/2320"}],"wp:featuredmedia":[{"embeddable":true,"href":"https:\/\/provinciadigital.com.ar\/index.php?rest_route=\/wp\/v2\/media\/2319"}],"wp:attachment":[{"href":"https:\/\/provinciadigital.com.ar\/index.php?rest_route=%2Fwp%2Fv2%2Fmedia&parent=2318"}],"wp:term":[{"taxonomy":"category","embeddable":true,"href":"https:\/\/provinciadigital.com.ar\/index.php?rest_route=%2Fwp%2Fv2%2Fcategories&post=2318"},{"taxonomy":"post_tag","embeddable":true,"href":"https:\/\/provinciadigital.com.ar\/index.php?rest_route=%2Fwp%2Fv2%2Ftags&post=2318"}],"curies":[{"name":"wp","href":"https:\/\/api.w.org\/{rel}","templated":true}]}}