{"id":2644,"date":"2022-03-29T14:13:26","date_gmt":"2022-03-29T14:13:26","guid":{"rendered":"http:\/\/provinciadigital.com.ar\/?p=2644"},"modified":"2022-03-29T14:22:48","modified_gmt":"2022-03-29T14:22:48","slug":"diego-santilli-continua-con-segundo-cernadas-sus-recorridas-en-el-conurbano","status":"publish","type":"post","link":"https:\/\/provinciadigital.com.ar\/?p=2644","title":{"rendered":"DIEGO SANTILLI CONTIN\u00daA CON SEGUNDO CERNADAS SUS RECORRIDAS EN EL CONURBANO"},"content":{"rendered":"\n<p><em>Ambos referentes tuvieron en Tigre una agenda cargada sobre\ntemas como seguridad y educaci\u00f3n. Adem\u00e1s, visitaron bomberos que participaron\ndel combate al fuego en Corrientes y cerraron el d\u00eda junto a un centenar de\ndirigentes locales que se sumaron a un encuentro con jubilados.<\/em><\/p>\n\n\n\n<p>Diego\nSantilli y Segundo Cernadas se encontraron en Tigre para cumplir con una agenda\nmuy intensa de reuniones con vecinos, que forma parte de las recorridas que el\ndiputado nacional realiza en los distintos partidos de la Provincia de Buenos\nAires \u201cMientras en CABA la ministra de educaci\u00f3n Soledad Acu\u00f1a busca a los 38\nalumnos que no volvieron a la escuela, en la provincia de Buenos Aires hay\n200.000 chicos que nadie sabe d\u00f3nde est\u00e1n, ni qui\u00e9nes son y lo que es a\u00fan m\u00e1s\ngrave, no saben c\u00f3mo hacer para que vuelvan a clases\u201d plante\u00f3 Santilli ante un\nnutrido grupo de vecinos&nbsp; <\/p>\n\n\n\n<p>Por\nsu parte, Segundo Cernadas respondi\u00f3 consultas referentes a accesibilidad de la\nciudad para personas con movilidad reducida, contaminaci\u00f3n visual, sonora y de\nlos r\u00edos, cuestiones de infraestructura y de seguridad, adem\u00e1s de preocupaci\u00f3n\npor terrenos abandonados del distrito.<\/p>\n\n\n\n<p>En\notro momento del encuentro el diputado nacional comparti\u00f3 con los presentes que\n\u201cHay que terminarla con las medias tintas, los chorros deben estar presos,\ndurante la pandemia nos encerraron a nosotros y liberaron a los delincuentes,\nnecesitamos que los vecinos de bien puedan caminar por las calles tranquilos y\nque los delincuentes sean los que est\u00e9n preocupados\u201d<\/p>\n\n\n\n<p>Apoyo\na campa\u00f1a de Segundo no obligatoriedad de barbijos<\/p>\n\n\n\n<p>Diego\nSantilli junto a un grupo de madres que reclaman el uso no obligatorio de\nbarbijo en las escuelas se pronunci\u00f3 a favor de la campa\u00f1a de firmas que\nimpulsa Segundo Cernadas: \u201cCreo en un criterio sanitario sobre el uso de\nbarbijo en el aula y hoy con la baja cantidad de contagios no debe ser\nobligatorio\u201d adem\u00e1s se pronunci\u00f3 sobre el regreso a las aulas de los chicos que\nabandonaron la escuela durante la cuarentena, dijo: \u201cEvidentemente en la\nprovincia falta gesti\u00f3n\u201d. <\/p>\n\n\n\n<p>Segundo\nCernadas sostuvo que despu\u00e9s de la tragedia educativa que signific\u00f3 la\ncuarentena, \u201choy no existe un plan real no solo para que vuelvan los chicos a\nlas escuelas y colegios sino para que los que vuelven recuperen algo de lo\nperdido\u201d y asegur\u00f3: \u201cDesde el gobierno est\u00e1n m\u00e1s preocupados en adoctrinar y\nbajar l\u00ednea que en ense\u00f1ar\u201d<\/p>\n\n\n\n<p>Encuentro\nde Bomberos<\/p>\n\n\n\n<p>Con\nSegundo Cernadas, Santilli visit\u00f3 a los bomberos voluntarios de Tigre que\ncombatieron al fuego en los incendios de Corrientes por lo que fueron\ndistinguidos por el bloque de Juntos en el Concejo Deliberante. \u201cTenemos que\navanzar en un sistema que gradualmente vaya acortando la brecha entre bomberos\nvoluntarios y profesionales para que en alg\u00fan momento todos puedan tener un\nsueldo a fin de mes\u201d les plante\u00f3 Santilli<\/p>\n\n\n\n<p>Instalaci\u00f3n\nde C\u00e1maras de Seguridad<\/p>\n\n\n\n<p>Durante\nla caminata Santilli y Cernadas visitaron a los vecinos de las calles Chacabuco\ne Italia donde hace m\u00e1s de un a\u00f1o reclaman la instalaci\u00f3n de c\u00e1maras de\nseguridad para frenar los distintos hechos de inseguridad y robos que sufrieron\nen pleno centro de Tigre. Segundo cernadas llev\u00f3 la ordenanza impulsada por el\nbloque de Juntos y recientemente sancionada en el Concejo Deliberante que\nobliga al municipio a instalarla. \u201cEl COT es una excelente idea que en su\nmomento fue de avanzada y hoy necesita modernizarse, actualizarse con m\u00e1s\ntecnolog\u00eda y mejores servicios\u201d indic\u00f3 el diputado nacional.<\/p>\n\n\n\n<p>En\ntanto Cernadas concluy\u00f3 \u201cTenemos que ser mejores en Tigre, somos un municipio\ncon fondos. No puede ser que estemos con estos atrasos en materia de seguridad.\nHay que mejorar la gesti\u00f3n. Tenemos que transformar nuestras ciudades. Tenemos\nque recuperar el camino de crecimiento y futuro que Tigre perdi\u00f3 hace a\u00f1os\u201d.<\/p>\n","protected":false},"excerpt":{"rendered":"<p>Ambos referentes tuvieron en Tigre una agenda cargada sobre temas como seguridad y educaci\u00f3n. Adem\u00e1s, visitaron bomberos que participaron del combate al fuego en Corrientes y cerraron el d\u00eda junto a un centenar de dirigentes locales que se sumaron a un encuentro con jubilados. Diego Santilli y Segundo Cernadas se encontraron en Tigre para cumplir [&hellip;]<\/p>\n","protected":false},"author":1,"featured_media":2645,"comment_status":"open","ping_status":"open","sticky":false,"template":"","format":"standard","meta":{"footnotes":""},"categories":[20],"tags":[],"class_list":{"0":"post-2644","1":"post","2":"type-post","3":"status-publish","4":"format-standard","5":"has-post-thumbnail","7":"category-provincia"},"_links":{"self":[{"href":"https:\/\/provinciadigital.com.ar\/index.php?rest_route=\/wp\/v2\/posts\/2644","targetHints":{"allow":["GET"]}}],"collection":[{"href":"https:\/\/provinciadigital.com.ar\/index.php?rest_route=\/wp\/v2\/posts"}],"about":[{"href":"https:\/\/provinciadigital.com.ar\/index.php?rest_route=\/wp\/v2\/types\/post"}],"author":[{"embeddable":true,"href":"https:\/\/provinciadigital.com.ar\/index.php?rest_route=\/wp\/v2\/users\/1"}],"replies":[{"embeddable":true,"href":"https:\/\/provinciadigital.com.ar\/index.php?rest_route=%2Fwp%2Fv2%2Fcomments&post=2644"}],"version-history":[{"count":1,"href":"https:\/\/provinciadigital.com.ar\/index.php?rest_route=\/wp\/v2\/posts\/2644\/revisions"}],"predecessor-version":[{"id":2646,"href":"https:\/\/provinciadigital.com.ar\/index.php?rest_route=\/wp\/v2\/posts\/2644\/revisions\/2646"}],"wp:featuredmedia":[{"embeddable":true,"href":"https:\/\/provinciadigital.com.ar\/index.php?rest_route=\/wp\/v2\/media\/2645"}],"wp:attachment":[{"href":"https:\/\/provinciadigital.com.ar\/index.php?rest_route=%2Fwp%2Fv2%2Fmedia&parent=2644"}],"wp:term":[{"taxonomy":"category","embeddable":true,"href":"https:\/\/provinciadigital.com.ar\/index.php?rest_route=%2Fwp%2Fv2%2Fcategories&post=2644"},{"taxonomy":"post_tag","embeddable":true,"href":"https:\/\/provinciadigital.com.ar\/index.php?rest_route=%2Fwp%2Fv2%2Ftags&post=2644"}],"curies":[{"name":"wp","href":"https:\/\/api.w.org\/{rel}","templated":true}]}}