{"id":2647,"date":"2022-03-29T13:18:00","date_gmt":"2022-03-29T13:18:00","guid":{"rendered":"http:\/\/provinciadigital.com.ar\/?p=2647"},"modified":"2022-03-29T14:23:17","modified_gmt":"2022-03-29T14:23:17","slug":"roxana-lopez-participo-del-parlamento-de-mujeres-y-diversidades-en-tigre","status":"publish","type":"post","link":"https:\/\/provinciadigital.com.ar\/?p=2647","title":{"rendered":"ROXANA L\u00d3PEZ PARTICIP\u00d3 DEL PARLAMENTO DE MUJERES Y DIVERSIDADES EN TIGRE"},"content":{"rendered":"\n<p>La diputada provincial fue parte del parlamento \u201cPensamos todes, construimos Tigre\u201d, destinado a la participaci\u00f3n de mujeres y diversidades, en pos de poner en com\u00fan, discutir y crear propuestas que lleven a la acci\u00f3n, con una mirada transfeminista. El encuentro se llev\u00f3 adelante en la localidad de Gral. Pacheco y cont\u00f3 con la asistencia de muchas vecinas, militantes y responsables locales.<br><\/p>\n\n\n\n<p>El Parlamento de Mujeres y Diversidades \u201cPensamos todes, construimos Tigre\u201d es la apertura de tres encuentros consecutivos que se desarrollar\u00e1n a lo largo del a\u00f1o (marzo\/mayo\/septiembre), cuyo objetivo rector consiste en elaborar propuestas pol\u00edticas transfeministas que surjan desde la participaci\u00f3n ciudadana.&nbsp;<br><\/p>\n\n\n\n<p>Durante el parlamento, la diputada provincial, Roxana L\u00f3pez expres\u00f3 que \u201ccreemos en el impulso de parlamentos locales porque es necesario poner en valor los aportes que d\u00eda a d\u00eda hacen los feminismos\u201d. Adem\u00e1s, agreg\u00f3 que \u201cse trata de escuchar todas las voces para colectivizar experiencias y sentires, es decir, colectivizar lo privado para disputar derechos en el orden p\u00fablico\u201d.<br><\/p>\n\n\n\n<p>Por otro lado, L\u00f3pez opin\u00f3 sobre la importancia de estos espacios, diciendo que \u201c a trav\u00e9s de los parlamentos locales se busca poner en valor los aportes que d\u00eda a d\u00eda plantean los feminismos para pensar el Estado y las distintas estrategias institucionales y de organizaci\u00f3n popular en el dise\u00f1o y la implementaci\u00f3n de pol\u00edticas p\u00fablicas con perspectiva de g\u00e9nero en Tigre.\u201d<br><\/p>\n\n\n\n<p>La actividad est\u00e1 impulsada por diferentes espacios pol\u00edticos, sociales, sindicales, ambientales, culturales y juveniles que se convocan para incitar a la expresi\u00f3n y la escucha entre mujeres y diversidades desde una perspectiva de derechos. Al mismo tiempo, el parlamento se dispone abierto ante quienes sienten curiosidad y deseos de pensar sus trayectos y proyectos desde una perspectiva pol\u00edtico-social.&nbsp;<br><\/p>\n\n\n\n<p>Participaron del parlamento \u201cPensamos todes, construimos Tigre\u201d: la C\u00e1mara de Diputados de la Provincia de Bs. As., la secretar\u00eda de la mujer del PJ Tigre, CGT Zona Norte, SUTEBA la celeste, LADETI, FETIA, la comisi\u00f3n de DDHH Pancho Soares, el Ateneo N\u00e9stor Kirchner, el Frente Social Peronista, Nuevo Encuentro, el Frente Transversal, La Vallese, FES, Epilepsia Tigre, F\u00e1brica Cultural, Vecinos Solidarios de Garrote, C.S. Alte. Brown y Emprende Tigre.<\/p>\n","protected":false},"excerpt":{"rendered":"<p>La diputada provincial fue parte del parlamento \u201cPensamos todes, construimos Tigre\u201d, destinado a la participaci\u00f3n de mujeres y diversidades, en pos de poner en com\u00fan, discutir y crear propuestas que lleven a la acci\u00f3n, con una mirada transfeminista. El encuentro se llev\u00f3 adelante en la localidad de Gral. Pacheco y cont\u00f3 con la asistencia de [&hellip;]<\/p>\n","protected":false},"author":1,"featured_media":2648,"comment_status":"open","ping_status":"open","sticky":false,"template":"","format":"standard","meta":{"footnotes":""},"categories":[15],"tags":[],"class_list":{"0":"post-2647","1":"post","2":"type-post","3":"status-publish","4":"format-standard","5":"has-post-thumbnail","7":"category-pacheco-digital"},"_links":{"self":[{"href":"https:\/\/provinciadigital.com.ar\/index.php?rest_route=\/wp\/v2\/posts\/2647","targetHints":{"allow":["GET"]}}],"collection":[{"href":"https:\/\/provinciadigital.com.ar\/index.php?rest_route=\/wp\/v2\/posts"}],"about":[{"href":"https:\/\/provinciadigital.com.ar\/index.php?rest_route=\/wp\/v2\/types\/post"}],"author":[{"embeddable":true,"href":"https:\/\/provinciadigital.com.ar\/index.php?rest_route=\/wp\/v2\/users\/1"}],"replies":[{"embeddable":true,"href":"https:\/\/provinciadigital.com.ar\/index.php?rest_route=%2Fwp%2Fv2%2Fcomments&post=2647"}],"version-history":[{"count":1,"href":"https:\/\/provinciadigital.com.ar\/index.php?rest_route=\/wp\/v2\/posts\/2647\/revisions"}],"predecessor-version":[{"id":2649,"href":"https:\/\/provinciadigital.com.ar\/index.php?rest_route=\/wp\/v2\/posts\/2647\/revisions\/2649"}],"wp:featuredmedia":[{"embeddable":true,"href":"https:\/\/provinciadigital.com.ar\/index.php?rest_route=\/wp\/v2\/media\/2648"}],"wp:attachment":[{"href":"https:\/\/provinciadigital.com.ar\/index.php?rest_route=%2Fwp%2Fv2%2Fmedia&parent=2647"}],"wp:term":[{"taxonomy":"category","embeddable":true,"href":"https:\/\/provinciadigital.com.ar\/index.php?rest_route=%2Fwp%2Fv2%2Fcategories&post=2647"},{"taxonomy":"post_tag","embeddable":true,"href":"https:\/\/provinciadigital.com.ar\/index.php?rest_route=%2Fwp%2Fv2%2Ftags&post=2647"}],"curies":[{"name":"wp","href":"https:\/\/api.w.org\/{rel}","templated":true}]}}