{"id":2746,"date":"2022-05-11T12:46:20","date_gmt":"2022-05-11T12:46:20","guid":{"rendered":"https:\/\/provinciadigital.com.ar\/?p=2746"},"modified":"2022-05-11T12:46:21","modified_gmt":"2022-05-11T12:46:21","slug":"valeria-dominguez-celebro-que-haya-programas-como-el-estado-en-tu-barrio-en-pilar","status":"publish","type":"post","link":"https:\/\/provinciadigital.com.ar\/?p=2746","title":{"rendered":"VALERIA DOM\u00cdNGUEZ: &#8220;CELEBRO QUE HAYA PROGRAMAS COMO EL ESTADO EN TU BARRIO EN PILAR&#8221;"},"content":{"rendered":"\n<p><em>La concejala de Pilar,\nValeria Dom\u00ednguez, hizo referencia a la importancia de los programas nacionales\nde promoci\u00f3n social en el distrito. &#8220;Celebro que haya programas como el\nEstado en Tu Barrio en Pilar. Acercan muchas actividades populares a la\ncomunidad y garantizan un f\u00e1cil acceso a la realizaci\u00f3n de tr\u00e1mites&#8221;,\nse\u00f1al\u00f3.<\/em><\/p>\n\n\n\n<p>Adem\u00e1s, respecto al &#8220;Mercado de la Econom\u00eda Popular&#8221;\nde car\u00e1cter municipal, agreg\u00f3: &#8220;Las ferias populares son fundamentales\npara el desarrollo del distrito. Les dan un protagonismo a los productivos y\nampl\u00edan la oferta de compra para los vecinos&#8221;, sostuvo.<\/p>\n\n\n\n<p>Por otra parte, Dom\u00ednguez en relaci\u00f3n con la producci\u00f3n\nlocal indic\u00f3: &#8220;Hay muchos pilarenses que tienen su productivo y se\nesfuerzan cada d\u00eda para superarse. No s\u00f3lo acercando mercader\u00eda de calidad,\nsino tambi\u00e9n con precios accesibles para cuidar el bolsillo de los dem\u00e1s&#8221;.<\/p>\n\n\n\n<p>Las declaraciones tuvieron lugar, en el marco del programa\nnacional &#8220;El Estado En Tu Barrio&#8221;, realizado en la Plaza J\u00fapiter de\nla localidad Villa Rosa. En este marco, diversos vecinos pudieron acercarse a\nrealizar tr\u00e1mites, adquirir mercader\u00eda de calidad y completar el calendario de\nvacunaci\u00f3n, entre otras actividades.<\/p>\n\n\n\n<p>Tambi\u00e9n acompa\u00f1aron las jornadas: el intendente, Federico\nAch\u00e1val; el concejal, Silvio Rodr\u00edguez; y el titular del programa nacional,\nJuan Manuel Vila.<\/p>\n","protected":false},"excerpt":{"rendered":"<p>La concejala de Pilar, Valeria Dom\u00ednguez, hizo referencia a la importancia de los programas nacionales de promoci\u00f3n social en el distrito. &#8220;Celebro que haya programas como el Estado en Tu Barrio en Pilar. Acercan muchas actividades populares a la comunidad y garantizan un f\u00e1cil acceso a la realizaci\u00f3n de tr\u00e1mites&#8221;, se\u00f1al\u00f3. Adem\u00e1s, respecto al &#8220;Mercado [&hellip;]<\/p>\n","protected":false},"author":1,"featured_media":2747,"comment_status":"open","ping_status":"open","sticky":false,"template":"","format":"standard","meta":{"footnotes":""},"categories":[21],"tags":[],"class_list":{"0":"post-2746","1":"post","2":"type-post","3":"status-publish","4":"format-standard","5":"has-post-thumbnail","7":"category-municipio"},"_links":{"self":[{"href":"https:\/\/provinciadigital.com.ar\/index.php?rest_route=\/wp\/v2\/posts\/2746","targetHints":{"allow":["GET"]}}],"collection":[{"href":"https:\/\/provinciadigital.com.ar\/index.php?rest_route=\/wp\/v2\/posts"}],"about":[{"href":"https:\/\/provinciadigital.com.ar\/index.php?rest_route=\/wp\/v2\/types\/post"}],"author":[{"embeddable":true,"href":"https:\/\/provinciadigital.com.ar\/index.php?rest_route=\/wp\/v2\/users\/1"}],"replies":[{"embeddable":true,"href":"https:\/\/provinciadigital.com.ar\/index.php?rest_route=%2Fwp%2Fv2%2Fcomments&post=2746"}],"version-history":[{"count":1,"href":"https:\/\/provinciadigital.com.ar\/index.php?rest_route=\/wp\/v2\/posts\/2746\/revisions"}],"predecessor-version":[{"id":2748,"href":"https:\/\/provinciadigital.com.ar\/index.php?rest_route=\/wp\/v2\/posts\/2746\/revisions\/2748"}],"wp:featuredmedia":[{"embeddable":true,"href":"https:\/\/provinciadigital.com.ar\/index.php?rest_route=\/wp\/v2\/media\/2747"}],"wp:attachment":[{"href":"https:\/\/provinciadigital.com.ar\/index.php?rest_route=%2Fwp%2Fv2%2Fmedia&parent=2746"}],"wp:term":[{"taxonomy":"category","embeddable":true,"href":"https:\/\/provinciadigital.com.ar\/index.php?rest_route=%2Fwp%2Fv2%2Fcategories&post=2746"},{"taxonomy":"post_tag","embeddable":true,"href":"https:\/\/provinciadigital.com.ar\/index.php?rest_route=%2Fwp%2Fv2%2Ftags&post=2746"}],"curies":[{"name":"wp","href":"https:\/\/api.w.org\/{rel}","templated":true}]}}