{"id":2775,"date":"2022-05-17T13:19:28","date_gmt":"2022-05-17T13:19:28","guid":{"rendered":"https:\/\/provinciadigital.com.ar\/?p=2775"},"modified":"2022-05-17T13:19:29","modified_gmt":"2022-05-17T13:19:29","slug":"quilmes-recorrida-de-grindetti-y-ritondo","status":"publish","type":"post","link":"https:\/\/provinciadigital.com.ar\/?p=2775","title":{"rendered":"QUILMES: RECORRIDA DE GRINDETTI Y RITONDO"},"content":{"rendered":"\n<p><em>Prosiguiendo con las visitas de los dirigentes del PRO por la provincia de Buenos Aires, el intendente de Lan\u00fas y el diputado nacional estuvieron de paso por el municipio cervecero. <\/em><\/p>\n\n\n\n<p>N\u00e9stor Grindetti y Cristian Ritondo recorrieron el gimnasio Boxing\nRingo Club, de San Francisco Solano, espacio deportivo fundado por el exboxeador\nPedro Franco, que sirve a j\u00f3venes de la zona con el objeto de sacarlos de las\ndrogas y la calle.<\/p>\n\n\n\n<p>\u201cHay que seguir trabajando cerca de la gente, escuchando,\narmando una propuesta para el a\u00f1o que viene, reconocer las cosas que no nos\nsalieron bien y avanzar hacia lo que la gente est\u00e1 esperando de nosotros, que\nson las alternativas para salir de la crisis en la que este gobierno nos ha\nmetido\u201d, dijo Grindetti durante la recorrida.<\/p>\n\n\n\n<p>Cristian Ritondo, en tanto, expres\u00f3 que Juntos est\u00e1 en pleno\n\u201ccrecimiento, consolidando la defensa de nuestros valores y convencidos de que\nla Argentina y la Provincia necesitan un cambio r\u00e1pido\u201d.<\/p>\n\n\n\n<p>A ambos dirigentes los acompa\u00f1aron el vicepresidente de la\nC\u00e1mara de Diputados bonaerense, Adri\u00e1n Urreli, la diputada nacional Mar\u00eda Angel\nSotolano, el exdiputado provincial Guillermo S\u00e1nchez Sterli y Diego Kravetz,\njefe de gabinete de Lan\u00fas. Para conocer el trabajo pol\u00edtico de la zona, ambos\nse reunieron con distintos dirigentes quilme\u00f1os de Juntos, como Martiniano\nMolina, exintendente del partido. Todo termin\u00f3 con la inauguraci\u00f3n de un local\ndel PRO en el centro de Quilmes.<\/p>\n","protected":false},"excerpt":{"rendered":"<p>Prosiguiendo con las visitas de los dirigentes del PRO por la provincia de Buenos Aires, el intendente de Lan\u00fas y el diputado nacional estuvieron de paso por el municipio cervecero. N\u00e9stor Grindetti y Cristian Ritondo recorrieron el gimnasio Boxing Ringo Club, de San Francisco Solano, espacio deportivo fundado por el exboxeador Pedro Franco, que sirve [&hellip;]<\/p>\n","protected":false},"author":1,"featured_media":2776,"comment_status":"open","ping_status":"open","sticky":false,"template":"","format":"standard","meta":{"footnotes":""},"categories":[20],"tags":[],"class_list":{"0":"post-2775","1":"post","2":"type-post","3":"status-publish","4":"format-standard","5":"has-post-thumbnail","7":"category-provincia"},"_links":{"self":[{"href":"https:\/\/provinciadigital.com.ar\/index.php?rest_route=\/wp\/v2\/posts\/2775","targetHints":{"allow":["GET"]}}],"collection":[{"href":"https:\/\/provinciadigital.com.ar\/index.php?rest_route=\/wp\/v2\/posts"}],"about":[{"href":"https:\/\/provinciadigital.com.ar\/index.php?rest_route=\/wp\/v2\/types\/post"}],"author":[{"embeddable":true,"href":"https:\/\/provinciadigital.com.ar\/index.php?rest_route=\/wp\/v2\/users\/1"}],"replies":[{"embeddable":true,"href":"https:\/\/provinciadigital.com.ar\/index.php?rest_route=%2Fwp%2Fv2%2Fcomments&post=2775"}],"version-history":[{"count":1,"href":"https:\/\/provinciadigital.com.ar\/index.php?rest_route=\/wp\/v2\/posts\/2775\/revisions"}],"predecessor-version":[{"id":2777,"href":"https:\/\/provinciadigital.com.ar\/index.php?rest_route=\/wp\/v2\/posts\/2775\/revisions\/2777"}],"wp:featuredmedia":[{"embeddable":true,"href":"https:\/\/provinciadigital.com.ar\/index.php?rest_route=\/wp\/v2\/media\/2776"}],"wp:attachment":[{"href":"https:\/\/provinciadigital.com.ar\/index.php?rest_route=%2Fwp%2Fv2%2Fmedia&parent=2775"}],"wp:term":[{"taxonomy":"category","embeddable":true,"href":"https:\/\/provinciadigital.com.ar\/index.php?rest_route=%2Fwp%2Fv2%2Fcategories&post=2775"},{"taxonomy":"post_tag","embeddable":true,"href":"https:\/\/provinciadigital.com.ar\/index.php?rest_route=%2Fwp%2Fv2%2Ftags&post=2775"}],"curies":[{"name":"wp","href":"https:\/\/api.w.org\/{rel}","templated":true}]}}