{"id":2779,"date":"2022-05-19T16:12:27","date_gmt":"2022-05-19T16:12:27","guid":{"rendered":"https:\/\/provinciadigital.com.ar\/?p=2779"},"modified":"2022-05-19T16:12:27","modified_gmt":"2022-05-19T16:12:27","slug":"hay-un-trato-desigual-con-mar-del-plata-afirmo-el-intendente-montenegro","status":"publish","type":"post","link":"https:\/\/provinciadigital.com.ar\/?p=2779","title":{"rendered":"\u201cHAY UN TRATO DESIGUAL CON MAR DEL PLATA\u201d, AFIRM\u00d3 EL INTENDENTE MONTENEGRO"},"content":{"rendered":"\n<p><em>El intendente de\nGeneral Pueyrredon, Guillermo Montenegro, asegur\u00f3 que tratar\u00e1 de resolver\nproblemas &#8220;estructurales&#8221; de la ciudad, sin abandonar la escucha de\nlos temas que le plantean los vecinos en las reuniones que mantiene\nperi\u00f3dicamente. Y destaca que la oposici\u00f3n en el Concejo Deliberante\nprecisamente: &#8220;no est\u00e1 viendo los problemas de la gente y me enojo porque\nno genera soluciones para el vecino&#8221;.<\/em><\/p>\n\n\n\n<p>En nota a 0223.com.ar manifest\u00f3 que hay que \u201csalir del\nestancamiento que viene de muchos a\u00f1os. Y para salir del estancamiento, es\nfundamental el trabajo conjunto entre lo p\u00fablico y lo privado. El Estado debe\nacompa\u00f1ar a quienes quieren apostar por la ciudad y crecer con ella. Pero para\nque esto ocurra el Estado debe facilitar y simplificar los procesos, y eso es\nalgo que estamos haciendo desde el d\u00eda 1 de la gesti\u00f3n, sacando 145 impuestos,\ncon las habilitaciones r\u00e1pidas, con Mi Primer Comercio, con las exenciones\nimpositivas para muchos sectores, con el distrito tecnol\u00f3gico, con la ordenanza\npara favorecer m\u00e1s la construcci\u00f3n, con la habilitaci\u00f3n para destiler\u00edas de\ngin, con la que permite el tostado de caf\u00e9 en cafeter\u00edas.<\/p>\n\n\n\n<p>Adem\u00e1s, la gesti\u00f3n de Montenegro gener\u00f3 \u201cherramientas\nnecesarias para dotar a la polic\u00eda, a la justicia y a la patrulla municipal que\ncolabora con la polic\u00eda; herramientas como el anillo digital para leer chapa\npatente, el soft de reconocimiento facial, pero tambi\u00e9n abordar problem\u00e1ticas\nespec\u00edficas como la de la zona roja.\u201d<\/p>\n\n\n\n<p>El Concejo Deliberante, seg\u00fan dijo, debe tener una visi\u00f3n\nm\u00e1s all\u00e1 de la coyuntura: \u201cno tiene que ver con apoyar o no una gesti\u00f3n. Hay\ncuestiones en las que podemos trabajar en conjunto, como el Consejo Federal\nPesquero o algo espec\u00edfico como el gas, para la finalizaci\u00f3n del gasoducto que\npermitir\u00eda en el Parque Industrial que el l\u00edmite para la radicaci\u00f3n de empresas\nsea solo territorial y pensar en c\u00f3mo ampliarlo.\u201d<\/p>\n\n\n\n<p>Por ejemplo, sectores de la oposici\u00f3n sostienen que en otros\npa\u00edses se est\u00e1 dando marcha atr\u00e1s. Para Montenegro, \u201ces un disparate. Es como\nque no pueda existir en un patrullero policial la foto de una persona que est\u00e9\nsiendo buscada. Lo \u00fanico que genera este tipo de herramientas es una\ncomparaci\u00f3n con una base de datos con una persona que es identificada por el\nsistema porque as\u00ed lo dispuso la justicia; porque est\u00e1 siendo buscada por la\ncomisi\u00f3n de un delito. Al margen de que contiene otras herramientas que pueden\nservir, por ejemplo, para buscar a una persona que se perdi\u00f3.\u201d<\/p>\n\n\n\n<p>Consultado sobre su relaci\u00f3n con la provincia de Buenos\nAires, manifest\u00f3 que \u201cno es que tengo acuerdos o desacuerdos pol\u00edticos, lo que\nvoy a defender con mucha vehemencia son las cuestiones que puedan favorecer a\nlos vecinos de mi ciudad y voy a estar muy en contra de las que puedan llegar a\nafectarlos. Esto no es una frase hecha, tengo una responsabilidad de gobernar\nesta ciudad por un tiempo para los que me hayan elegido o no y voy a ser muy\nexigente conmigo mismo de plantear qu\u00e9 es bueno para Mar del Plata,\nindependientemente de qui\u00e9n lo diga. Cuando he tenido diferencias con (Horacio\nRodr\u00edguez) Larreta, con mi espacio o con el Gobernador, las he planteado. Y si\ntengo alguna coincidencia, tambi\u00e9n lo digo, sin inconvenientes. Ahora, cuando\nveo que hay alguna afectaci\u00f3n a los intereses de mi ciudad o que hay tratos\ndispares, lo digo.<\/p>\n\n\n\n<p>Por caso, en los subsidios del transporte, \u201chay un trato\ndesigual no s\u00f3lo para Mar del Plata, sino con otras ciudades del interior de la\nArgentina, porque el 85% de los subsidios se manejan en el Amba y el resto va\npara la otra parte del pa\u00eds. Por eso hay una disparidad de un boleto de 20\npesos en el Amba y casi quintuplicado en muchos lugares del interior, como C\u00f3rdoba,\nMendoza, Rosario, Bariloche, Mar del Plata, Bah\u00eda Blanca, Olavarr\u00eda. Uno ve que\nlas ciudades m\u00e1s afectadas en relaci\u00f3n al boleto son de Juntos y eso es un dato\nobjetivo de la realidad. No es algo de ahora, viene ocurriendo desde hace\nvarios gobiernos. \u00bfPor qu\u00e9 un obrero o un empleado de Mar del Plata tiene que\npagar el boleto m\u00e1s caro que un pasajero del Amba? Que me lo expliquen.\u201d<\/p>\n\n\n\n<p>\u201cA Mar del Plata se le dio muy poco en estos dos a\u00f1os y\nmedio. Adem\u00e1s, muchas veces se toman decisiones desde el Amba; esto, reitero,\nen este gobierno y en los otros. Hay que tomar la opini\u00f3n de los marplatenses\npara estas decisiones, para estas cuestiones y sin que importe el color\npol\u00edtico, porque los vecinos de la ciudad tienen que tener injerencia en las\ndecisiones que tienen que ver con obras de infraestructura que les van a\ncambiar la vida o no. Es importante y se deber\u00eda tener mucho m\u00e1s en cuenta.\nCuando ten\u00e9s un d\u00e9ficit de 2100 kil\u00f3metros de asfalto en Mar del Plata, no s\u00e9\nsi conviene arrancar por otro lado.\u201d<\/p>\n\n\n\n<p>Consultado sobre si va a buscar la reelecci\u00f3n manifest\u00f3 que \u201cno\nestoy pensando en hacer tal o cual cosa para ser reelecto. Yo trabajo, trabajo\ny trabajo. Le meto 14 horas por d\u00eda a esto y el que no lo entiende as\u00ed, que se\nvaya. A m\u00ed no me gusta ni tomarme vacaciones. Cuando uno toma la\nresponsabilidad de tomar un cargo de estas caracter\u00edsticas, no te pod\u00e9s ir.\nEntiendo que algunos funcionarios se van de viaje con la familia, pero a m\u00ed no\nme gusta porque yo no lo hago.\u201d<\/p>\n","protected":false},"excerpt":{"rendered":"<p>El intendente de General Pueyrredon, Guillermo Montenegro, asegur\u00f3 que tratar\u00e1 de resolver problemas &#8220;estructurales&#8221; de la ciudad, sin abandonar la escucha de los temas que le plantean los vecinos en las reuniones que mantiene peri\u00f3dicamente. Y destaca que la oposici\u00f3n en el Concejo Deliberante precisamente: &#8220;no est\u00e1 viendo los problemas de la gente y me [&hellip;]<\/p>\n","protected":false},"author":1,"featured_media":2780,"comment_status":"open","ping_status":"open","sticky":false,"template":"","format":"standard","meta":{"footnotes":""},"categories":[20],"tags":[],"class_list":{"0":"post-2779","1":"post","2":"type-post","3":"status-publish","4":"format-standard","5":"has-post-thumbnail","7":"category-provincia"},"_links":{"self":[{"href":"https:\/\/provinciadigital.com.ar\/index.php?rest_route=\/wp\/v2\/posts\/2779","targetHints":{"allow":["GET"]}}],"collection":[{"href":"https:\/\/provinciadigital.com.ar\/index.php?rest_route=\/wp\/v2\/posts"}],"about":[{"href":"https:\/\/provinciadigital.com.ar\/index.php?rest_route=\/wp\/v2\/types\/post"}],"author":[{"embeddable":true,"href":"https:\/\/provinciadigital.com.ar\/index.php?rest_route=\/wp\/v2\/users\/1"}],"replies":[{"embeddable":true,"href":"https:\/\/provinciadigital.com.ar\/index.php?rest_route=%2Fwp%2Fv2%2Fcomments&post=2779"}],"version-history":[{"count":1,"href":"https:\/\/provinciadigital.com.ar\/index.php?rest_route=\/wp\/v2\/posts\/2779\/revisions"}],"predecessor-version":[{"id":2781,"href":"https:\/\/provinciadigital.com.ar\/index.php?rest_route=\/wp\/v2\/posts\/2779\/revisions\/2781"}],"wp:featuredmedia":[{"embeddable":true,"href":"https:\/\/provinciadigital.com.ar\/index.php?rest_route=\/wp\/v2\/media\/2780"}],"wp:attachment":[{"href":"https:\/\/provinciadigital.com.ar\/index.php?rest_route=%2Fwp%2Fv2%2Fmedia&parent=2779"}],"wp:term":[{"taxonomy":"category","embeddable":true,"href":"https:\/\/provinciadigital.com.ar\/index.php?rest_route=%2Fwp%2Fv2%2Fcategories&post=2779"},{"taxonomy":"post_tag","embeddable":true,"href":"https:\/\/provinciadigital.com.ar\/index.php?rest_route=%2Fwp%2Fv2%2Ftags&post=2779"}],"curies":[{"name":"wp","href":"https:\/\/api.w.org\/{rel}","templated":true}]}}