{"id":2788,"date":"2022-05-21T13:48:52","date_gmt":"2022-05-21T13:48:52","guid":{"rendered":"https:\/\/provinciadigital.com.ar\/?p=2788"},"modified":"2022-05-21T13:48:53","modified_gmt":"2022-05-21T13:48:53","slug":"la-intendenta-de-vicente-lopez-trabaja-en-conjunto-con-caba-por-la-seguridad","status":"publish","type":"post","link":"https:\/\/provinciadigital.com.ar\/?p=2788","title":{"rendered":"LA INTENDENTA DE VICENTE L\u00d3PEZ TRABAJA EN CONJUNTO CON CABA POR LA SEGURIDAD"},"content":{"rendered":"\n<p><em>Con el prop\u00f3sito de\ncontinuar fortaleciendo la labor en materia de seguridad, en este caso, el\nsistema de \u201cAnillo Digital\u201d, la intendenta de Vicente L\u00f3pez, Soledad Mart\u00ednez,\nse reuni\u00f3 con el Ministro de Gobierno de la Ciudad Aut\u00f3noma de Buenos Aires,\nJorge Macri, y Marcelo D\u2019Alessandro, Ministro de Seguridad porte\u00f1o.<\/em><\/p>\n\n\n\n<p>Esta nueva tecnolog\u00eda permite identificar la entrada y\nsalida de los veh\u00edculos que circulan entre la Ciudad de Buenos Aires y el\ndistrito de Vicente L\u00f3pez, identificando a los que tengan una denuncia, un\npedido de secuestro o est\u00e9n en fuga.<\/p>\n\n\n\n<p>Soledad Mart\u00ednez manifest\u00f3: \u201cEste sistema que funciona hoy\nen la Ciudad de Buenos Aires, que vigila los accesos a la ciudad, tambi\u00e9n va a\nempezar a cuidar a los vecinos que entran y salen de Vicente L\u00f3pez. Es un paso\nm\u00e1s en el trabajo coordinado que venimos haciendo hace ya muchos a\u00f1os con el\nGobierno de la Ciudad y en particular con el Ministerio de Seguridad\u201d.<\/p>\n\n\n\n<p>El Ministro de Gobierno porte\u00f1o, Jorge Macri, destac\u00f3 la tarea conjunta, desde hace muchos a\u00f1os,\u00a0 entre dicho municipio y CABA: \u201cEsto ha permitido en la ciudad tener los \u00edndices de delito m\u00e1s bajos de los \u00faltimos 27 a\u00f1os. Esa inversi\u00f3n constante, un plan que se sostiene en el tiempo y la decisi\u00f3n pol\u00edtica marcan la diferencia\u201d. \u201cLa incorporaci\u00f3n de tecnolog\u00eda es muy importante pero m\u00e1s importante todav\u00eda es la voluntad de trabajar en conjunto. Que si se comete un delito de un lado de la General Paz o del otro tomarlo como si fuera propio y trabajar juntos. Eso nos ha permitido tener varios casos de \u00e9xito. Cuando hay voluntad de trabajar en conjunto, uno logra vencer al delito\u201d, expres\u00f3. <\/p>\n","protected":false},"excerpt":{"rendered":"<p>Con el prop\u00f3sito de continuar fortaleciendo la labor en materia de seguridad, en este caso, el sistema de \u201cAnillo Digital\u201d, la intendenta de Vicente L\u00f3pez, Soledad Mart\u00ednez, se reuni\u00f3 con el Ministro de Gobierno de la Ciudad Aut\u00f3noma de Buenos Aires, Jorge Macri, y Marcelo D\u2019Alessandro, Ministro de Seguridad porte\u00f1o. Esta nueva tecnolog\u00eda permite identificar [&hellip;]<\/p>\n","protected":false},"author":1,"featured_media":2789,"comment_status":"open","ping_status":"open","sticky":false,"template":"","format":"standard","meta":{"footnotes":""},"categories":[118],"tags":[],"class_list":{"0":"post-2788","1":"post","2":"type-post","3":"status-publish","4":"format-standard","5":"has-post-thumbnail","7":"category-vte-lopez"},"_links":{"self":[{"href":"https:\/\/provinciadigital.com.ar\/index.php?rest_route=\/wp\/v2\/posts\/2788","targetHints":{"allow":["GET"]}}],"collection":[{"href":"https:\/\/provinciadigital.com.ar\/index.php?rest_route=\/wp\/v2\/posts"}],"about":[{"href":"https:\/\/provinciadigital.com.ar\/index.php?rest_route=\/wp\/v2\/types\/post"}],"author":[{"embeddable":true,"href":"https:\/\/provinciadigital.com.ar\/index.php?rest_route=\/wp\/v2\/users\/1"}],"replies":[{"embeddable":true,"href":"https:\/\/provinciadigital.com.ar\/index.php?rest_route=%2Fwp%2Fv2%2Fcomments&post=2788"}],"version-history":[{"count":1,"href":"https:\/\/provinciadigital.com.ar\/index.php?rest_route=\/wp\/v2\/posts\/2788\/revisions"}],"predecessor-version":[{"id":2790,"href":"https:\/\/provinciadigital.com.ar\/index.php?rest_route=\/wp\/v2\/posts\/2788\/revisions\/2790"}],"wp:featuredmedia":[{"embeddable":true,"href":"https:\/\/provinciadigital.com.ar\/index.php?rest_route=\/wp\/v2\/media\/2789"}],"wp:attachment":[{"href":"https:\/\/provinciadigital.com.ar\/index.php?rest_route=%2Fwp%2Fv2%2Fmedia&parent=2788"}],"wp:term":[{"taxonomy":"category","embeddable":true,"href":"https:\/\/provinciadigital.com.ar\/index.php?rest_route=%2Fwp%2Fv2%2Fcategories&post=2788"},{"taxonomy":"post_tag","embeddable":true,"href":"https:\/\/provinciadigital.com.ar\/index.php?rest_route=%2Fwp%2Fv2%2Ftags&post=2788"}],"curies":[{"name":"wp","href":"https:\/\/api.w.org\/{rel}","templated":true}]}}