{"id":2791,"date":"2022-05-21T13:50:13","date_gmt":"2022-05-21T13:50:13","guid":{"rendered":"https:\/\/provinciadigital.com.ar\/?p=2791"},"modified":"2022-05-21T13:50:14","modified_gmt":"2022-05-21T13:50:14","slug":"kicillof-inauguro-la-repavimentacion-de-la-ruta-25-en-escobar","status":"publish","type":"post","link":"https:\/\/provinciadigital.com.ar\/?p=2791","title":{"rendered":"KICILLOF INAUGUR\u00d3 LA REPAVIMENTACI\u00d3N DE LA RUTA 25 EN ESCOBAR"},"content":{"rendered":"\n<p><em>Ayer viernes 20 de\nmayo, el gobernador de la provincia de Buenos Aires dio el puntapi\u00e9 inicial de\nlas obras de repavimentaci\u00f3n de 10,5 kil\u00f3metros de la ruta 25, en Escobar, corredor\nque garantiza el acceso a la costanera del r\u00edo Paran\u00e1 de las Palmas y la\nconectividad con las rutas nacionales 8 y 9. Lo acompa\u00f1aron, entre otros, el\nministro de Infraestructura y Servicios P\u00fablicos, Leonardo Nardini; la ministra\nde Gobierno, Cristina \u00c1lvarez Rodr\u00edguez; el intendente local, Carlos Ramil; y\nel presidente del Ente Nacional de Control y Gesti\u00f3n de la V\u00eda Navegable, Ariel\nSujarchuk.<\/em><\/p>\n\n\n\n<p>\u201cHemos realizado una inversi\u00f3n muy grande para asfaltar una\nruta que brinda igualdad de oportunidades y abre nuevos caminos. Sin un Estado\npresente que pavimentara el corredor, el r\u00edo ser\u00eda para unos pocos: a partir de\nahora, es para que los disfruten todos y todas las bonaerenses\u201d, expres\u00f3 el\nmandatario.<\/p>\n\n\n\n<p>Y aclar\u00f3 que \u201cse trata de una obra que fue requerida hace\nmuchos a\u00f1os por el municipio de Escobar, donde se hab\u00eda puesto en valor la\ncostanera pero hac\u00eda falta mejorar los accesos. Hoy, gracias al trabajo\nconjunto entre la Naci\u00f3n, la Provincia y el distrito, estamos garantizando que\nel acceso al Paran\u00e1 no dependa de la condici\u00f3n social\u201d.<\/p>\n\n\n\n<p>Esta primera parte incluye el tramo entre la calle Paso y la\nrotonda de acceso a Prefectura Naval Argentina, con una labor conjunta entre la\nNaci\u00f3n, la Provincia y el municipio de Escobar, a partir de una inversi\u00f3n total\nque superar\u00e1 los 944,8 millones de pesos. <\/p>\n\n\n\n<p>Sujarchuk destac\u00f3 que, \u201cdespu\u00e9s de a\u00f1os de promesas\nincumplidas, con esta obra estamos garantizando que cualquier bonaerense pueda\nllegar al r\u00edo y disfrutar de un proyecto de una enorme sensibilidad social, que\nse concret\u00f3 r\u00e1pidamente porque contamos con la capacidad y el trabajo para\ncumplir con los compromisos asumidos\u201d.<\/p>\n\n\n\n<p>\u201cLa obra de la ruta provincial 25 le brinda seguridad vial y\nconectividad a Escobar, al tiempo que genera nuevas posibilidades de trabajo y\npotencia a sus emprendedores. Es parte de un plan de obras que motoriza la\neconom\u00eda y da valor agregado para el desarrollo de los municipios, pensando en\nel bienestar y la calidad de vida de nuestros vecinos y vecinas\u201d, afirm\u00f3 el ministro\nNardini.<\/p>\n\n\n\n<p>Para el intendente Ramil, \u201chace mucho tiempo era un sue\u00f1o\nque Escobar dejara de darle la espalda al r\u00edo y comenzara a abrazarlo y, por\neso invertimos para la puesta en valor de la costanera\u201d.<\/p>\n\n\n\n<p>M\u00e1s temprano, Kicillof, junto a la presidenta del Instituto\nde Previsi\u00f3n Social, Marina Moretti, inaugur\u00f3 el primer Centro de Atenci\u00f3n\nPrevisional de Escobar, disponible para gestionar tr\u00e1mites de futuros\nbeneficiarios, jubilados y pensionados del municipio. Y, luego, desde el\noperativo de vacunaci\u00f3n emplazado en el Centro de Ferroviarios, anunci\u00f3 que,\ndesde ma\u00f1ana, habr\u00e1 vacunaci\u00f3n libre y federal con la segunda dosis de refuerzo\ncontra el Covid-19 para todas y todos los mayores de 18 a\u00f1os que hayan cumplido\nal menos cuatro meses desde la inoculaci\u00f3n con la primera dosis de refuerzo.<\/p>\n\n\n\n<p>Finalmente, el gobernador recorri\u00f3 las instalaciones del\nMercado del Paran\u00e1, donde 200 emprendedores del partido ofrecen sus productos\nen las instalaciones de un galp\u00f3n que fue recuperado por el distrito. Cuenta\ncon puestos en su interior y una feria al aire libre, y se integr\u00f3 al circuito\ntur\u00edstico del Paran\u00e1 de las Palmas. Otras autoridades dialogaron con\ncomerciantes de la zona y visitaron la sede del colegio Santa Mar\u00eda y el\nmariposario construido en la Plaza San Mart\u00edn.<\/p>\n","protected":false},"excerpt":{"rendered":"<p>Ayer viernes 20 de mayo, el gobernador de la provincia de Buenos Aires dio el puntapi\u00e9 inicial de las obras de repavimentaci\u00f3n de 10,5 kil\u00f3metros de la ruta 25, en Escobar, corredor que garantiza el acceso a la costanera del r\u00edo Paran\u00e1 de las Palmas y la conectividad con las rutas nacionales 8 y 9. [&hellip;]<\/p>\n","protected":false},"author":1,"featured_media":2792,"comment_status":"open","ping_status":"open","sticky":false,"template":"","format":"standard","meta":{"footnotes":""},"categories":[119],"tags":[],"class_list":{"0":"post-2791","1":"post","2":"type-post","3":"status-publish","4":"format-standard","5":"has-post-thumbnail","7":"category-escobar"},"_links":{"self":[{"href":"https:\/\/provinciadigital.com.ar\/index.php?rest_route=\/wp\/v2\/posts\/2791","targetHints":{"allow":["GET"]}}],"collection":[{"href":"https:\/\/provinciadigital.com.ar\/index.php?rest_route=\/wp\/v2\/posts"}],"about":[{"href":"https:\/\/provinciadigital.com.ar\/index.php?rest_route=\/wp\/v2\/types\/post"}],"author":[{"embeddable":true,"href":"https:\/\/provinciadigital.com.ar\/index.php?rest_route=\/wp\/v2\/users\/1"}],"replies":[{"embeddable":true,"href":"https:\/\/provinciadigital.com.ar\/index.php?rest_route=%2Fwp%2Fv2%2Fcomments&post=2791"}],"version-history":[{"count":1,"href":"https:\/\/provinciadigital.com.ar\/index.php?rest_route=\/wp\/v2\/posts\/2791\/revisions"}],"predecessor-version":[{"id":2793,"href":"https:\/\/provinciadigital.com.ar\/index.php?rest_route=\/wp\/v2\/posts\/2791\/revisions\/2793"}],"wp:featuredmedia":[{"embeddable":true,"href":"https:\/\/provinciadigital.com.ar\/index.php?rest_route=\/wp\/v2\/media\/2792"}],"wp:attachment":[{"href":"https:\/\/provinciadigital.com.ar\/index.php?rest_route=%2Fwp%2Fv2%2Fmedia&parent=2791"}],"wp:term":[{"taxonomy":"category","embeddable":true,"href":"https:\/\/provinciadigital.com.ar\/index.php?rest_route=%2Fwp%2Fv2%2Fcategories&post=2791"},{"taxonomy":"post_tag","embeddable":true,"href":"https:\/\/provinciadigital.com.ar\/index.php?rest_route=%2Fwp%2Fv2%2Ftags&post=2791"}],"curies":[{"name":"wp","href":"https:\/\/api.w.org\/{rel}","templated":true}]}}