{"id":2794,"date":"2022-05-21T13:51:41","date_gmt":"2022-05-21T13:51:41","guid":{"rendered":"https:\/\/provinciadigital.com.ar\/?p=2794"},"modified":"2022-05-21T13:51:41","modified_gmt":"2022-05-21T13:51:41","slug":"un-curioso-museo-de-autos-antiguos-en-la-ciudad-de-las-diagonales","status":"publish","type":"post","link":"https:\/\/provinciadigital.com.ar\/?p=2794","title":{"rendered":"UN CURIOSO MUSEO DE AUTOS ANTIGUOS EN LA CIUDAD DE LAS DIAGONALES"},"content":{"rendered":"\n<p><em>El Museo del Autom\u00f3vil\ny Ramos Generales Colecci\u00f3n Rau se encuentra en Calle 1 entre 34 y 35, La\nPlata, en una vivienda anterior a la fundaci\u00f3n de la ciudad, pues data de 1875\ny fue oratorio hasta 1906. Autos, motos y objetos t\u00edpicos de un almac\u00e9n de\nramos generales pueden verse frente a las v\u00edas del ferrocarril.<\/em><\/p>\n\n\n\n<p>Todo lo que atesora comenz\u00f3 a ser coleccionado por los\nhermanos Jorge y Cecilio Pablo Rau, quienes durante d\u00e9cadas reunieron una gran\ncantidad de objetos antiguos en el fondo de su casa. Hacia 1984 ya ten\u00edan al\nmenos unos ocho autos y empezaban a buscar d\u00f3nde reunirlos en un mismo espacio para\nque pudieran ser visitados.<\/p>\n\n\n\n<p>\u201cEl 16 de diciembre de 1985, comenzamos el sue\u00f1o: mucha\ngente trabaj\u00f3 de una u otra forma, con su oficio, con su voluntad, con su\nentrega para y por el Museo. Ser\u00eda muy dif\u00edcil nombrarlos a todos\u2026 Nuestro\nrecuerdo y agradecimiento\u201d, dice una placa en el museo.<\/p>\n\n\n\n<p>Reci\u00e9n en 2006, el espacio destinado pudo ser habilitado\ncomo museo. Meses antes muri\u00f3 Cecilio. La hija de Jorge, que ya es muy anciano,\n&nbsp;Evelin, conserva y garantiza el acceso a\nla propiedad para todos aquellos que quieran descubrirla.<\/p>\n\n\n\n<p>La colecci\u00f3n de autom\u00f3viles, que se inici\u00f3 con un Ford T de\n1927, incluye tambi\u00e9n un Ford T, pero Town-Car 1917 (premiado por la FIVA como\nveh\u00edculo mejor conservado en Autocl\u00e1sica 2011), un Durant D6 1929, Ford A\nRoadster 1931, Fiat Topolino 1939, Heinkel 1960, Messerschmitt 1960, Overland\n1917, Renault 1910, Citro\u00ebn C6 1930 doble phaeton, Peugeot 1917, un Chevrolet\n1939 Turismo Carretera y un Cadillac Fleetwood 1960.<\/p>\n\n\n\n<p>Adem\u00e1s hay motos, como una Corgi Excelsior, una BMW 1960 600\ncon sidecar y una Guzzzi, entre maniqu\u00edes, vitrinas con productos antiguos, carteles\nenlozados y surtidores a manija. Dentro del Museo del Autom\u00f3vil funciona un\ncaf\u00e9 con todo el aire de las antiguas pulper\u00edas de ramos generales.<\/p>\n\n\n\n<p>El Museo del Autom\u00f3vil y Ramos Generales abre los d\u00edas\ns\u00e1bados, domingos y feriados, de 15.00 a 19.00. En su p\u00e1gina de Facebook e\nInstagram suelen confirmar fechas y horarios de acceso. La entrada general cuesta\n300 pesos para adultos y un tercio para menores. <\/p>\n","protected":false},"excerpt":{"rendered":"<p>El Museo del Autom\u00f3vil y Ramos Generales Colecci\u00f3n Rau se encuentra en Calle 1 entre 34 y 35, La Plata, en una vivienda anterior a la fundaci\u00f3n de la ciudad, pues data de 1875 y fue oratorio hasta 1906. Autos, motos y objetos t\u00edpicos de un almac\u00e9n de ramos generales pueden verse frente a las [&hellip;]<\/p>\n","protected":false},"author":1,"featured_media":2795,"comment_status":"open","ping_status":"open","sticky":false,"template":"","format":"standard","meta":{"footnotes":""},"categories":[20],"tags":[],"class_list":{"0":"post-2794","1":"post","2":"type-post","3":"status-publish","4":"format-standard","5":"has-post-thumbnail","7":"category-provincia"},"_links":{"self":[{"href":"https:\/\/provinciadigital.com.ar\/index.php?rest_route=\/wp\/v2\/posts\/2794","targetHints":{"allow":["GET"]}}],"collection":[{"href":"https:\/\/provinciadigital.com.ar\/index.php?rest_route=\/wp\/v2\/posts"}],"about":[{"href":"https:\/\/provinciadigital.com.ar\/index.php?rest_route=\/wp\/v2\/types\/post"}],"author":[{"embeddable":true,"href":"https:\/\/provinciadigital.com.ar\/index.php?rest_route=\/wp\/v2\/users\/1"}],"replies":[{"embeddable":true,"href":"https:\/\/provinciadigital.com.ar\/index.php?rest_route=%2Fwp%2Fv2%2Fcomments&post=2794"}],"version-history":[{"count":1,"href":"https:\/\/provinciadigital.com.ar\/index.php?rest_route=\/wp\/v2\/posts\/2794\/revisions"}],"predecessor-version":[{"id":2796,"href":"https:\/\/provinciadigital.com.ar\/index.php?rest_route=\/wp\/v2\/posts\/2794\/revisions\/2796"}],"wp:featuredmedia":[{"embeddable":true,"href":"https:\/\/provinciadigital.com.ar\/index.php?rest_route=\/wp\/v2\/media\/2795"}],"wp:attachment":[{"href":"https:\/\/provinciadigital.com.ar\/index.php?rest_route=%2Fwp%2Fv2%2Fmedia&parent=2794"}],"wp:term":[{"taxonomy":"category","embeddable":true,"href":"https:\/\/provinciadigital.com.ar\/index.php?rest_route=%2Fwp%2Fv2%2Fcategories&post=2794"},{"taxonomy":"post_tag","embeddable":true,"href":"https:\/\/provinciadigital.com.ar\/index.php?rest_route=%2Fwp%2Fv2%2Ftags&post=2794"}],"curies":[{"name":"wp","href":"https:\/\/api.w.org\/{rel}","templated":true}]}}