{"id":2803,"date":"2022-05-26T21:02:45","date_gmt":"2022-05-26T21:02:45","guid":{"rendered":"https:\/\/provinciadigital.com.ar\/?p=2803"},"modified":"2022-05-26T21:02:46","modified_gmt":"2022-05-26T21:02:46","slug":"robo-pertenencias-dentro-de-un-vehiculo-y-el-cot-lo-detuvo-en-minutos","status":"publish","type":"post","link":"https:\/\/provinciadigital.com.ar\/?p=2803","title":{"rendered":"ROB\u00d3 PERTENENCIAS DENTRO DE UN VEH\u00cdCULO Y EL COT LO DETUVO EN MINUTOS"},"content":{"rendered":"\n<p><em>Las c\u00e1maras del\nMunicipio de Tigre registraron el momento en el que un hombre robaba\npertenencias de un veh\u00edculo en la localidad de El Talar. El r\u00e1pido accionar de\nlos agentes del Centro de Operaciones (COT) permiti\u00f3 interceptar al sujeto a\ntiempo.<\/em><\/p>\n\n\n\n<p>Todo comenz\u00f3 cuando personal del centro de monitoreo\nvisualiz\u00f3 al sujeto intentando abrir distintos veh\u00edculos en la intersecci\u00f3n de\nlas calles Paraguay y Gelly Obes, hasta que finalmente logr\u00f3 sustraer una\nmochila de uno de ellos.<\/p>\n\n\n\n<p>Tras ser alertados de la situaci\u00f3n, los agentes que\npatrullaban la zona interceptaron al sospechoso en Colectora de Panamericana,\ncuando intentaba huir. Fue detenido y puesto a disposici\u00f3n de la Justicia.<\/p>\n\n\n\n<p>El Municipio de Tigre cuenta con m\u00e1s de 130 m\u00f3viles con los\nque patrulla en forma permanente las calles y v\u00edas navegables del distrito.\nPermiten actuar con rapidez ante cualquier alarma o situaci\u00f3n de emergencia\ndetectada en el COT y contribuir tambi\u00e9n al patrullaje preventivo.<\/p>\n\n\n\n<p>Adem\u00e1s, tiene m\u00e1s de 2.000 c\u00e1maras de seguridad distribuidas\nen la ciudad, con las que monitorea hechos delictivos, accidentes de tr\u00e1nsito y\ncualquier otra acci\u00f3n que altere el orden. Cuenta con el apoyo de los m\u00f3viles\nde Protecci\u00f3n Ciudadana, Defensa Civil, Tr\u00e1nsito y las ambulancias del SET.<\/p>\n","protected":false},"excerpt":{"rendered":"<p>Las c\u00e1maras del Municipio de Tigre registraron el momento en el que un hombre robaba pertenencias de un veh\u00edculo en la localidad de El Talar. El r\u00e1pido accionar de los agentes del Centro de Operaciones (COT) permiti\u00f3 interceptar al sujeto a tiempo. Todo comenz\u00f3 cuando personal del centro de monitoreo visualiz\u00f3 al sujeto intentando abrir [&hellip;]<\/p>\n","protected":false},"author":1,"featured_media":2804,"comment_status":"open","ping_status":"open","sticky":false,"template":"","format":"standard","meta":{"footnotes":""},"categories":[115],"tags":[],"class_list":{"0":"post-2803","1":"post","2":"type-post","3":"status-publish","4":"format-standard","5":"has-post-thumbnail","7":"category-tigre"},"_links":{"self":[{"href":"https:\/\/provinciadigital.com.ar\/index.php?rest_route=\/wp\/v2\/posts\/2803","targetHints":{"allow":["GET"]}}],"collection":[{"href":"https:\/\/provinciadigital.com.ar\/index.php?rest_route=\/wp\/v2\/posts"}],"about":[{"href":"https:\/\/provinciadigital.com.ar\/index.php?rest_route=\/wp\/v2\/types\/post"}],"author":[{"embeddable":true,"href":"https:\/\/provinciadigital.com.ar\/index.php?rest_route=\/wp\/v2\/users\/1"}],"replies":[{"embeddable":true,"href":"https:\/\/provinciadigital.com.ar\/index.php?rest_route=%2Fwp%2Fv2%2Fcomments&post=2803"}],"version-history":[{"count":1,"href":"https:\/\/provinciadigital.com.ar\/index.php?rest_route=\/wp\/v2\/posts\/2803\/revisions"}],"predecessor-version":[{"id":2805,"href":"https:\/\/provinciadigital.com.ar\/index.php?rest_route=\/wp\/v2\/posts\/2803\/revisions\/2805"}],"wp:featuredmedia":[{"embeddable":true,"href":"https:\/\/provinciadigital.com.ar\/index.php?rest_route=\/wp\/v2\/media\/2804"}],"wp:attachment":[{"href":"https:\/\/provinciadigital.com.ar\/index.php?rest_route=%2Fwp%2Fv2%2Fmedia&parent=2803"}],"wp:term":[{"taxonomy":"category","embeddable":true,"href":"https:\/\/provinciadigital.com.ar\/index.php?rest_route=%2Fwp%2Fv2%2Fcategories&post=2803"},{"taxonomy":"post_tag","embeddable":true,"href":"https:\/\/provinciadigital.com.ar\/index.php?rest_route=%2Fwp%2Fv2%2Ftags&post=2803"}],"curies":[{"name":"wp","href":"https:\/\/api.w.org\/{rel}","templated":true}]}}