{"id":3215,"date":"2023-09-18T16:57:06","date_gmt":"2023-09-18T16:57:06","guid":{"rendered":"https:\/\/provinciadigital.com.ar\/?p=3215"},"modified":"2023-09-18T16:57:07","modified_gmt":"2023-09-18T16:57:07","slug":"grindetti-promete-eliminar-la-jefatura-de-asesores-creada-por-kicillof-el-amigo-del-gobernador-nos-cuesta-1700-millones-al-ano","status":"publish","type":"post","link":"https:\/\/provinciadigital.com.ar\/?p=3215","title":{"rendered":"Grindetti promete eliminar la jefatura de asesores creada por Kicillof: \u201cEl amigo del gobernador nos cuesta $1700 millones al a\u00f1o\u201d"},"content":{"rendered":"\n<p>En declaraciones a Radio Rivadavia, el candidato a gobernador de Patricia Bullrich, N\u00e9stor Grindetti, detall\u00f3 el organigrama de 26 \u201cravioles\u201d que tiene la jefatura de asesores de la gobernaci\u00f3n creada por Kicillof en el a\u00f1o 2021.<\/p>\n\n\n\n<p>\u201cCon esos recursos se podr\u00edan comprar, por ejemplo, 28 ambulancias de mediana complejidad o 70 patrulleros, tenemos que reducir de manera dr\u00e1stica la estructura pol\u00edtica y bajar todo gasto que directa o indirectamente no represente un beneficio para el vecino\u201d, lanz\u00f3.<\/p>\n\n\n\n<p>Consultado por el aumento de los cargos pol\u00edticos durante la gesti\u00f3n de Kicillof, Grindetti fue categ\u00f3rico: \u201cPas\u00f3 de 1100 a 1800 cargos pol\u00edticos y hay un ejemplo muy puntual, en el 2021 cre\u00f3 una estructura paralela con 26 cargos pol\u00edticos, es un \u00e1rea que nos cuesta a los bonaerenses 1700 millones de pesos al a\u00f1o solo para darle trabajo a su amigo Bianco\u201d.<\/p>\n\n\n\n<p>Actualmente, Carlos Bianco se desempe\u00f1a como jefe de asesores del gobernador desde mediados del 2021, cuando luego de la derrota en las elecciones PASO de ese a\u00f1o, Kicillof lo reemplaz\u00f3 por el intendente de Lomas de Zamora, Martin Insaurralde en el cargo de jefe de Gabinete de ministros.<\/p>\n\n\n\n<p>Grindetti avanza con su idea de modernizar y hacer eficiente al Estado provincial, llevando acabo una baja de cargos pol\u00edticos, reducci\u00f3n de ministerios a la mitad y descentralizaci\u00f3n de pol\u00edticas publicas en los municipios.<\/p>\n","protected":false},"excerpt":{"rendered":"<p>En declaraciones a Radio Rivadavia, el candidato a gobernador de Patricia Bullrich, N\u00e9stor Grindetti, detall\u00f3 el organigrama de 26 \u201cravioles\u201d que tiene la jefatura de asesores de la gobernaci\u00f3n creada por Kicillof en el a\u00f1o 2021. \u201cCon esos recursos se podr\u00edan comprar, por ejemplo, 28 ambulancias de mediana complejidad o 70 patrulleros, tenemos que reducir [&hellip;]<\/p>\n","protected":false},"author":1,"featured_media":3216,"comment_status":"open","ping_status":"open","sticky":false,"template":"","format":"standard","meta":{"footnotes":""},"categories":[20],"tags":[],"class_list":{"0":"post-3215","1":"post","2":"type-post","3":"status-publish","4":"format-standard","5":"has-post-thumbnail","7":"category-provincia"},"_links":{"self":[{"href":"https:\/\/provinciadigital.com.ar\/index.php?rest_route=\/wp\/v2\/posts\/3215","targetHints":{"allow":["GET"]}}],"collection":[{"href":"https:\/\/provinciadigital.com.ar\/index.php?rest_route=\/wp\/v2\/posts"}],"about":[{"href":"https:\/\/provinciadigital.com.ar\/index.php?rest_route=\/wp\/v2\/types\/post"}],"author":[{"embeddable":true,"href":"https:\/\/provinciadigital.com.ar\/index.php?rest_route=\/wp\/v2\/users\/1"}],"replies":[{"embeddable":true,"href":"https:\/\/provinciadigital.com.ar\/index.php?rest_route=%2Fwp%2Fv2%2Fcomments&post=3215"}],"version-history":[{"count":1,"href":"https:\/\/provinciadigital.com.ar\/index.php?rest_route=\/wp\/v2\/posts\/3215\/revisions"}],"predecessor-version":[{"id":3217,"href":"https:\/\/provinciadigital.com.ar\/index.php?rest_route=\/wp\/v2\/posts\/3215\/revisions\/3217"}],"wp:featuredmedia":[{"embeddable":true,"href":"https:\/\/provinciadigital.com.ar\/index.php?rest_route=\/wp\/v2\/media\/3216"}],"wp:attachment":[{"href":"https:\/\/provinciadigital.com.ar\/index.php?rest_route=%2Fwp%2Fv2%2Fmedia&parent=3215"}],"wp:term":[{"taxonomy":"category","embeddable":true,"href":"https:\/\/provinciadigital.com.ar\/index.php?rest_route=%2Fwp%2Fv2%2Fcategories&post=3215"},{"taxonomy":"post_tag","embeddable":true,"href":"https:\/\/provinciadigital.com.ar\/index.php?rest_route=%2Fwp%2Fv2%2Ftags&post=3215"}],"curies":[{"name":"wp","href":"https:\/\/api.w.org\/{rel}","templated":true}]}}