{"id":3617,"date":"2023-11-14T11:12:45","date_gmt":"2023-11-14T11:12:45","guid":{"rendered":"https:\/\/provinciadigital.com.ar\/?p=3617"},"modified":"2023-11-14T11:12:46","modified_gmt":"2023-11-14T11:12:46","slug":"villarruel-hay-mujeres-que-estan-abortando-chicos-a-termino","status":"publish","type":"post","link":"https:\/\/provinciadigital.com.ar\/?p=3617","title":{"rendered":"Villarruel: &#8220;Hay mujeres que est\u00e1n abortando chicos a t\u00e9rmino&#8221;"},"content":{"rendered":"\n<p>La candidata a vicepresidenta de La Libertad Avanza, Victoria Villarruel, asegur\u00f3 este lunes tanto ella como Javier Milei son &#8220;pro vida&#8221;, por lo que consideran que deber\u00eda darse una nueva discusi\u00f3n sobre la legalizaci\u00f3n del aborto.<\/p>\n\n\n\n<p>&#8220;Nosotros somos pro vida, para nosotros tiene que haber una discusi\u00f3n respecto de esto&#8221;, afirm\u00f3 la libertaria.<\/p>\n\n\n\n<p>A su entender, esa discusi\u00f3n deber\u00eda darse &#8220;sobre bases cient\u00edficas y sobre argumentos serios y no tan ideologizados como los que ti\u00f1eron la discusi\u00f3n de la ley en el 2020&#8221;.<\/p>\n\n\n\n<p>&#8220;Pero creo que este es un tema que no tiene tanta urgencia considerando que la econom\u00eda est\u00e1 totalmente desorbidata y vos no podes ni comerciar, ni vivir, no pod\u00e9s alquilar, y adem\u00e1s no ten\u00e9s seguridad&#8221;, sostuvo Villarruel.<\/p>\n\n\n\n<p>En declaraciones al canal TN, la compa\u00f1era de f\u00f3rmula de Milei dijo que no sab\u00eda en qu\u00e9 momento de su eventual gobierno se impulsar\u00e1 esa discusi\u00f3n.<\/p>\n\n\n\n<p>&#8220;No lo ciframos en tiempo (el debate), en alg\u00fan momento nos gustar\u00eda (impulsarlo), sobre todo porque en el tema del aborto la ley en la Argentina se termina estirando hasta el infinito y hoy encontr\u00e1s mujeres que est\u00e1n abortando chicos a t\u00e9rmino&#8221;, recalc\u00f3 Villarruel.<\/p>\n\n\n\n<p>Y enfatiz\u00f3: &#8220;Solamente con alegar que ten\u00e9s problemas de tipo psicol\u00f3gico la madre puede acceder al aborto. Entendamos que ese no era el esp\u00edritu de la ley&#8221;.<\/p>\n\n\n\n<p>Tras una extensa discusi\u00f3n y con votos de todo el arco pol\u00edtico, la ley de aborto fue aprobada por el Congreso Nacional en 2020 y establece la interrupci\u00f3n voluntaria del embarazo hasta la semana 14.<\/p>\n\n\n\n<p>Despu\u00e9s de ese momento se puede acceder al procedimiento si el embarazo es producto de una violaci\u00f3n Si el embarazo es resultado de una violaci\u00f3n o si estuviera en peligro la vida o la salud de la persona gestante.<\/p>\n","protected":false},"excerpt":{"rendered":"<p>La candidata a vicepresidenta de La Libertad Avanza, Victoria Villarruel, asegur\u00f3 este lunes tanto ella como Javier Milei son &#8220;pro vida&#8221;, por lo que consideran que deber\u00eda darse una nueva discusi\u00f3n sobre la legalizaci\u00f3n del aborto. &#8220;Nosotros somos pro vida, para nosotros tiene que haber una discusi\u00f3n respecto de esto&#8221;, afirm\u00f3 la libertaria. A su [&hellip;]<\/p>\n","protected":false},"author":1,"featured_media":3618,"comment_status":"open","ping_status":"open","sticky":false,"template":"","format":"standard","meta":{"footnotes":""},"categories":[20],"tags":[],"class_list":{"0":"post-3617","1":"post","2":"type-post","3":"status-publish","4":"format-standard","5":"has-post-thumbnail","7":"category-provincia"},"_links":{"self":[{"href":"https:\/\/provinciadigital.com.ar\/index.php?rest_route=\/wp\/v2\/posts\/3617","targetHints":{"allow":["GET"]}}],"collection":[{"href":"https:\/\/provinciadigital.com.ar\/index.php?rest_route=\/wp\/v2\/posts"}],"about":[{"href":"https:\/\/provinciadigital.com.ar\/index.php?rest_route=\/wp\/v2\/types\/post"}],"author":[{"embeddable":true,"href":"https:\/\/provinciadigital.com.ar\/index.php?rest_route=\/wp\/v2\/users\/1"}],"replies":[{"embeddable":true,"href":"https:\/\/provinciadigital.com.ar\/index.php?rest_route=%2Fwp%2Fv2%2Fcomments&post=3617"}],"version-history":[{"count":1,"href":"https:\/\/provinciadigital.com.ar\/index.php?rest_route=\/wp\/v2\/posts\/3617\/revisions"}],"predecessor-version":[{"id":3619,"href":"https:\/\/provinciadigital.com.ar\/index.php?rest_route=\/wp\/v2\/posts\/3617\/revisions\/3619"}],"wp:featuredmedia":[{"embeddable":true,"href":"https:\/\/provinciadigital.com.ar\/index.php?rest_route=\/wp\/v2\/media\/3618"}],"wp:attachment":[{"href":"https:\/\/provinciadigital.com.ar\/index.php?rest_route=%2Fwp%2Fv2%2Fmedia&parent=3617"}],"wp:term":[{"taxonomy":"category","embeddable":true,"href":"https:\/\/provinciadigital.com.ar\/index.php?rest_route=%2Fwp%2Fv2%2Fcategories&post=3617"},{"taxonomy":"post_tag","embeddable":true,"href":"https:\/\/provinciadigital.com.ar\/index.php?rest_route=%2Fwp%2Fv2%2Ftags&post=3617"}],"curies":[{"name":"wp","href":"https:\/\/api.w.org\/{rel}","templated":true}]}}