{"id":3620,"date":"2023-11-14T11:14:49","date_gmt":"2023-11-14T11:14:49","guid":{"rendered":"https:\/\/provinciadigital.com.ar\/?p=3620"},"modified":"2023-11-14T11:14:50","modified_gmt":"2023-11-14T11:14:50","slug":"kicillof-en-el-balotaje-no-hay-lugar-para-medias-tintas-votaremos-en-defensa-de-la-democracia-el-trabajo-y-los-derechos","status":"publish","type":"post","link":"https:\/\/provinciadigital.com.ar\/?p=3620","title":{"rendered":"Kicillof: &#8220;En el balotaje no hay lugar para medias tintas: votaremos en defensa de la democracia, el trabajo y los derechos&#8221;"},"content":{"rendered":"\n<p>&#8220;Necesitamos hacer un \u00faltimo esfuerzo porque estamos ante una elecci\u00f3n muy importante, en la que est\u00e1 en riesgo todo lo que hemos conseguido: en la provincia de Buenos Aires vamos a votar el pr\u00f3ximo domingo en defensa de los clubes de barrio, la salud y la educaci\u00f3n&#8221;, afirm\u00f3 el gobernador Axel Kicillof al participar este lunes de un encuentro con vecinos y vecinas en la plaza seca del Museo MAR de Mar del Plata, junto a la directora ejecutiva de la ANSES, Fernanda Raverta.<\/p>\n\n\n\n<p>En ese marco, el Gobernador se\u00f1al\u00f3 que &#8220;gobernar un pa\u00eds es una tarea muy compleja, que no se aprende en manuales de econom\u00eda del siglo XIX: ayer vimos en el debate a un candidato que desconoce el funcionamiento del Estado y cuestiones b\u00e1sicas del comercio internacional&#8221;.<\/p>\n\n\n\n<p>&#8220;En las elecciones generales qued\u00f3 claro que los y las bonaerenses no necesitamos ajuste, motosierra y dinamita, sino m\u00e1s presencia del Estado para garantizar la salud, la educaci\u00f3n, el empleo y la producci\u00f3n&#8221;, subray\u00f3 Kicillof. &#8220;Esta \u00faltima semana nos tiene que encontrar en las calles hablando con todos y todas para darle a Sergio Massa una victoria contundente en la provincia de Buenos Aires&#8221;, expres\u00f3.<\/p>\n\n\n\n<p>Por su parte, Raverta sostuvo: &#8220;El 19 de noviembre se discute entre dos modelos de pa\u00eds. Mientras que en el que propone Javier Milei los genocidas tendr\u00edan impunidad y la sociedad perder\u00eda todos sus derechos, junto a Sergio Massa creemos en una Argentina en la que las y los argentinos sepan que sus proyectos de vida se pueden realizar&#8221;. &#8220;Vamos a seguir recorriendo Mar del Plata y hablando con las y los vecinos hasta el \u00faltimo d\u00eda porque este maravilloso pa\u00eds no puede quedar en manos del odio y la impunidad&#8221;, a\u00f1adi\u00f3.<\/p>\n\n\n\n<p>&#8220;Hay que dar todas las discusiones porque no hay lugar para medias tintas: en el balotaje hay que votar en defensa de la democracia, el trabajo y los derechos&#8221;, concluy\u00f3 Kicillof.<\/p>\n\n\n\n<p>Estuvieron presentes el jefe de Asesores del Gobernador, Carlos Bianco; la ministra de Gobierno, Cristina \u00c1lvarez Rodr\u00edguez; la directora ejecutiva del OPISU, Romina Barrios; la legisladora bonaerense Natalia S\u00e1nchez J\u00e1uregui; el senador provincial Pablo Obeid; el actual intendente de Mar Chiquita, Jorge Paredi; y el electo, Walter Wischnivetzky.<\/p>\n","protected":false},"excerpt":{"rendered":"<p>&#8220;Necesitamos hacer un \u00faltimo esfuerzo porque estamos ante una elecci\u00f3n muy importante, en la que est\u00e1 en riesgo todo lo que hemos conseguido: en la provincia de Buenos Aires vamos a votar el pr\u00f3ximo domingo en defensa de los clubes de barrio, la salud y la educaci\u00f3n&#8221;, afirm\u00f3 el gobernador Axel Kicillof al participar este [&hellip;]<\/p>\n","protected":false},"author":1,"featured_media":3621,"comment_status":"open","ping_status":"open","sticky":false,"template":"","format":"standard","meta":{"footnotes":""},"categories":[20],"tags":[],"class_list":{"0":"post-3620","1":"post","2":"type-post","3":"status-publish","4":"format-standard","5":"has-post-thumbnail","7":"category-provincia"},"_links":{"self":[{"href":"https:\/\/provinciadigital.com.ar\/index.php?rest_route=\/wp\/v2\/posts\/3620","targetHints":{"allow":["GET"]}}],"collection":[{"href":"https:\/\/provinciadigital.com.ar\/index.php?rest_route=\/wp\/v2\/posts"}],"about":[{"href":"https:\/\/provinciadigital.com.ar\/index.php?rest_route=\/wp\/v2\/types\/post"}],"author":[{"embeddable":true,"href":"https:\/\/provinciadigital.com.ar\/index.php?rest_route=\/wp\/v2\/users\/1"}],"replies":[{"embeddable":true,"href":"https:\/\/provinciadigital.com.ar\/index.php?rest_route=%2Fwp%2Fv2%2Fcomments&post=3620"}],"version-history":[{"count":1,"href":"https:\/\/provinciadigital.com.ar\/index.php?rest_route=\/wp\/v2\/posts\/3620\/revisions"}],"predecessor-version":[{"id":3622,"href":"https:\/\/provinciadigital.com.ar\/index.php?rest_route=\/wp\/v2\/posts\/3620\/revisions\/3622"}],"wp:featuredmedia":[{"embeddable":true,"href":"https:\/\/provinciadigital.com.ar\/index.php?rest_route=\/wp\/v2\/media\/3621"}],"wp:attachment":[{"href":"https:\/\/provinciadigital.com.ar\/index.php?rest_route=%2Fwp%2Fv2%2Fmedia&parent=3620"}],"wp:term":[{"taxonomy":"category","embeddable":true,"href":"https:\/\/provinciadigital.com.ar\/index.php?rest_route=%2Fwp%2Fv2%2Fcategories&post=3620"},{"taxonomy":"post_tag","embeddable":true,"href":"https:\/\/provinciadigital.com.ar\/index.php?rest_route=%2Fwp%2Fv2%2Ftags&post=3620"}],"curies":[{"name":"wp","href":"https:\/\/api.w.org\/{rel}","templated":true}]}}