{"id":3626,"date":"2023-11-14T17:23:00","date_gmt":"2023-11-14T17:23:00","guid":{"rendered":"https:\/\/provinciadigital.com.ar\/?p=3626"},"modified":"2023-11-14T17:23:01","modified_gmt":"2023-11-14T17:23:01","slug":"politicos-provida-celebran-el-75o-aniversario-de-los-derechos-humanos-en-la-onu","status":"publish","type":"post","link":"https:\/\/provinciadigital.com.ar\/?p=3626","title":{"rendered":"Pol\u00edticos provida celebran el 75\u00ba aniversario de los Derechos Humanos en la ONU"},"content":{"rendered":"\n<p>La V Cumbre Transatl\u00e1ntica organizada por Political Network for Values reunir\u00e1 a m\u00e1s de una centena de legisladores y altos cargos pol\u00edticos de tres continentes. La delegaci\u00f3n argentina estar\u00e1 encabezada por los diputados nacionales Santiago Santurio, Francisco S\u00e1nchez y Nicol\u00e1s Mayoraz.<\/p>\n\n\n\n<p>La sede de la Organizaci\u00f3n de las Naciones Unidas (ONU), en Nueva York, ser\u00e1 el palco de la V Cumbre Transatl\u00e1ntica, que reunir\u00e1 esta semana a pol\u00edticos y l\u00edderes c\u00edvicos comprometidos con la vida, la familia y las libertades. El evento, organizado por Political Network for Values (Red Pol\u00edtica por los Valores \u2013 PNfV), se realizar\u00e1 los d\u00edas 16 y 17 de noviembre para celebrar los 75 a\u00f1os de la Declaraci\u00f3n Universal de los Derechos Humanos.<\/p>\n\n\n\n<p>Jos\u00e9 Antonio Kast, presidente de PNfV, explica que los participantes afirmar\u00e1n la defensa de la vida, la familia, la libertad religiosa, la libertad de expresi\u00f3n y la libertad de los padres de educar a sus hijos cuya protecci\u00f3n est\u00e1 consagrada en los art\u00edculos de la Declaraci\u00f3n de 1949.<\/p>\n\n\n\n<p>Los invitados de la Red son altos funcionarios gubernamentales, legisladores y articuladores pol\u00edticos y c\u00edvicos de m\u00e1s de 30 pa\u00edses y de muy diversas culturas, todos protagonistas a nivel global o local en el avance de la agenda de valores fundamentales.<\/p>\n\n\n\n<p>Lola Velarde, directora ejecutiva de la Red, subraya que en la DUDH hay un reconocimiento expl\u00edcito al derecho a la vida (art\u00edculo 3), a la protecci\u00f3n que debe darse a la familia, a la maternidad y a la infancia (art\u00edculos 16, 23 y 25); al derecho de los padres a elegir la educaci\u00f3n de sus hijos (art\u00edculo 26); a la libertad de pensamiento, de conciencia, de religi\u00f3n, de opini\u00f3n y de expresi\u00f3n (art\u00edculos 18 y 19).<\/p>\n\n\n\n<p>\u201cCelebrar esos derechos fundamentales y afirmarlos en la ONU es especialmente relevante porque actualmente est\u00e1n siendo socavados e incluso vulnerados en nombre de supuestos nuevos derechos, que ni forman parte de la DUDH, ni son universalmente reconocidos\u201d, advierte.<\/p>\n\n\n\n<p>Diversas voces, de las m\u00e1s variadas culturas<br>El conjunto de conferencistas de la Cumbre integra un mosaico de culturas y un coro de voces con distintos matices, entre ellos est\u00e1n: Mario B\u00facaro, ministro de Relaciones Exteriores de Guatemala; Uju Kennedy-Ohanenye, ministra para Asuntos de la Mujer de Nigeria, Ito Bison\u00f3, ministro para la Industria y Comercio de Rep\u00fablica Dominicana; Erwin Ronquillo, ministro de Protecci\u00f3n a la Ni\u00f1ez de Ecuador; y Rafael L\u00f3pez Aliaga, alcalde de Lima. Ellos dialogar\u00e1n sobre la actualidad de la Declaraci\u00f3n Universal de 1948 (DUDH).<\/p>\n\n\n\n<p>Para abordar los derechos consagrados en los diversos art\u00edculos de la DUDH intervendr\u00e1n Ra\u00fal Latorre, presidente de la C\u00e1mara de Diputados de Paraguay; Kinga G\u00e1l y Margarita de la Pisa, miembros del Parlamento Europeo por Hungr\u00eda y Espa\u00f1a, respectivamente; Germ\u00e1n Blanco, senador de Colombia; los parlamentarios Lucy Akello, de Uganda; P\u00e4ivi R\u00e4s\u00e4nen, de Finlandia; y Kerri Seekins-Crowe, de Estados Unidos; Stephen Bartulica, de Croacia; Santiago Santurio, de Argentina; Nikol\u00e1s Ferreira, de Brasil; Ashems Songwe, de Malawi; Hafid El-Hachimi, de Marruecos, oficial de la Comisi\u00f3n Permanente Independiente de Derechos Humanos de la Organizaci\u00f3n de Cooperaci\u00f3n Isl\u00e1mica; y el eslovaco Jan Figel, que trabaj\u00f3 como enviado especial de la Uni\u00f3n Europea para la libertad religiosa y de creencias.<\/p>\n\n\n\n<p>Tambi\u00e9n tomar\u00e1n la palabra Eduardo Verastegui, productor de la pel\u00edcula \u2018Sonido de Libertad\u2018 y precandidato presidencial en M\u00e9xico; Lila Rose, presidente de Live Action; Valerie Huber, promotora de la Declaraci\u00f3n de Consenso de Ginebra y presidente de Institute for Women\u2019s Health; Sharon Slater, presidente de Family Watch International; Dawn Hawkins, directora ejecutiva de International Centre on Sexual Exploitation; Neydy Casillas, vicepresidente de asuntos internacionales del Global Center for Human Rights, Austin Ruse, presidente de C-Fam; Peter Torcsi, director de operaciones del Center for Fundamental Rights; \u00c1ngela Gandra, presidente del Instituto Ives Gandra y exsecretaria nacional de Familia de Brasil; y Bernardo Larra\u00edn, promotor de la Declaraci\u00f3n de Casablanca, entre otros.<\/p>\n\n\n\n<p>Dos an\u00e1lisis sobre la situaci\u00f3n actual, desde \u00f3pticas complementarias ser\u00e1n presentados por \u00c1d\u00e1m Kavecs\u00e1nszki, presidente de la Fundaci\u00f3n para una Hungr\u00eda C\u00edvica; y Brett Schaefer, investigador de Heritage Foundation. Mariam Ibraheem, de Sud\u00e1n, condenada a muerte por casarse con un cristiano; y Rodrigo Iv\u00e1n Cort\u00e9s, de M\u00e9xico, perseguido judicialmente a causa de sus convicciones, compartir\u00e1n sus casos.<\/p>\n\n\n\n<p>Cabe se\u00f1alar que Argentina estar\u00e1 representada con la participaci\u00f3n de los diputados nacionales Francisco S\u00e1nchez, Nicol\u00e1s Mayoraz y Santiago Santurio, quien ser\u00e1 conferencista.<\/p>\n\n\n\n<p>En alianza<\/p>\n\n\n\n<p>La Cumbre se realiza gracias al copatrocinio de nuestras organizaciones aliadas: The Heritage Foundation, Center for Fundamental Rights, Foundation for a Civic Hungary, Global Center for Human Rights, International Centre on Sexual Exploitation, Family Watch International, C-Fam, ADF International, The Institute for Women\u2019s Health, International Organization for the Family, y Talenting Group. Todas son entidades que trabajan para el respeto de la dignidad humana y la promoci\u00f3n de los valores fundamentales en diversas \u00e1reas.<\/p>\n\n\n\n<p>La PNfV es una red internacional de pol\u00edticos activamente comprometidos con la promoci\u00f3n y la defensa de la vida, la familia y las libertades. Las Cumbres Transatl\u00e1nticas son una piedra fundamental para la Red. En ellas se re\u00fanen presencialmente pol\u00edticos y l\u00edderes c\u00edvicos de Europa, Am\u00e9rica y \u00c1frica para estrechar lazos, compartir casos exitosos y mejores pr\u00e1cticas, y construir agendas conjuntas. Se celebran, normalmente, cada dos a\u00f1os.<\/p>\n\n\n\n<p>La primera Cumbre se realiz\u00f3 en la sede de la Organizaci\u00f3n de las Naciones Unidas, New York, en 2014; le siguieron otras en el Parlamento Europeo, Bruselas, en 2017; en el Capitolio de Colombia, Bogot\u00e1, en 2019; y en la Academia H\u00fangara de las Ciencias, Budapest, el a\u00f1o pasado.<\/p>\n\n\n\n<p>En el siguiente link podr\u00e1s acceder al programa completo de la V Cumbre de Nueva York:<br>https:\/\/politicalnetworkforvalues.org\/que-hacemos\/cumbres\/v-cumbre-transatlantica-nueva-york-2023\/programme\/<\/p>\n","protected":false},"excerpt":{"rendered":"<p>La V Cumbre Transatl\u00e1ntica organizada por Political Network for Values reunir\u00e1 a m\u00e1s de una centena de legisladores y altos cargos pol\u00edticos de tres continentes. La delegaci\u00f3n argentina estar\u00e1 encabezada por los diputados nacionales Santiago Santurio, Francisco S\u00e1nchez y Nicol\u00e1s Mayoraz. La sede de la Organizaci\u00f3n de las Naciones Unidas (ONU), en Nueva York, ser\u00e1 [&hellip;]<\/p>\n","protected":false},"author":1,"featured_media":3627,"comment_status":"open","ping_status":"open","sticky":false,"template":"","format":"standard","meta":{"footnotes":""},"categories":[20],"tags":[],"class_list":{"0":"post-3626","1":"post","2":"type-post","3":"status-publish","4":"format-standard","5":"has-post-thumbnail","7":"category-provincia"},"_links":{"self":[{"href":"https:\/\/provinciadigital.com.ar\/index.php?rest_route=\/wp\/v2\/posts\/3626","targetHints":{"allow":["GET"]}}],"collection":[{"href":"https:\/\/provinciadigital.com.ar\/index.php?rest_route=\/wp\/v2\/posts"}],"about":[{"href":"https:\/\/provinciadigital.com.ar\/index.php?rest_route=\/wp\/v2\/types\/post"}],"author":[{"embeddable":true,"href":"https:\/\/provinciadigital.com.ar\/index.php?rest_route=\/wp\/v2\/users\/1"}],"replies":[{"embeddable":true,"href":"https:\/\/provinciadigital.com.ar\/index.php?rest_route=%2Fwp%2Fv2%2Fcomments&post=3626"}],"version-history":[{"count":1,"href":"https:\/\/provinciadigital.com.ar\/index.php?rest_route=\/wp\/v2\/posts\/3626\/revisions"}],"predecessor-version":[{"id":3628,"href":"https:\/\/provinciadigital.com.ar\/index.php?rest_route=\/wp\/v2\/posts\/3626\/revisions\/3628"}],"wp:featuredmedia":[{"embeddable":true,"href":"https:\/\/provinciadigital.com.ar\/index.php?rest_route=\/wp\/v2\/media\/3627"}],"wp:attachment":[{"href":"https:\/\/provinciadigital.com.ar\/index.php?rest_route=%2Fwp%2Fv2%2Fmedia&parent=3626"}],"wp:term":[{"taxonomy":"category","embeddable":true,"href":"https:\/\/provinciadigital.com.ar\/index.php?rest_route=%2Fwp%2Fv2%2Fcategories&post=3626"},{"taxonomy":"post_tag","embeddable":true,"href":"https:\/\/provinciadigital.com.ar\/index.php?rest_route=%2Fwp%2Fv2%2Ftags&post=3626"}],"curies":[{"name":"wp","href":"https:\/\/api.w.org\/{rel}","templated":true}]}}