{"id":3629,"date":"2023-11-15T11:54:49","date_gmt":"2023-11-15T11:54:49","guid":{"rendered":"https:\/\/provinciadigital.com.ar\/?p=3629"},"modified":"2023-11-15T11:54:49","modified_gmt":"2023-11-15T11:54:49","slug":"achaval-presento-a-la-nueva-rectora-de-la-universidad-nacional-de-pilar","status":"publish","type":"post","link":"https:\/\/provinciadigital.com.ar\/?p=3629","title":{"rendered":"Ach\u00e1val present\u00f3 a la nueva rectora de la Universidad Nacional de Pilar"},"content":{"rendered":"\n<p>El intendente Federico Ach\u00e1val present\u00f3 a la comunidad a la rectora organizadora de la flamante Universidad Nacional de Pilar. Se trata de Elizabeth Wanger, una reconocida educadora del distrito con una gran trayectoria pedag\u00f3gica. La presentaci\u00f3n, de la que particip\u00f3 el ministro de Educaci\u00f3n nacional, Jaime Perczyk, se realiz\u00f3 en el predio del Pellegrini junto a una gran cantidad de j\u00f3venes y vecinos.<\/p>\n\n\n\n<p>En este importante d\u00eda, Ach\u00e1val expres\u00f3: &#8220;Es una gran emoci\u00f3n ver c\u00f3mo los sue\u00f1os se transforman en realidad. Hoy estamos poniendo la piedra fundamental de la universidad con un gran anclaje local, con la designaci\u00f3n de Elizabeth Wanger como rectora organizadora. Esta universidad que le va a transformar la vida a miles de chicos va a respetar nuestra historia e identidad. Queremos contribuir desde Pilar al sistema universitario nacional, al crecimiento productivo de nuestra Patria, pensando en los pibes de nuestros barrios&#8221;.<\/p>\n\n\n\n<p>Por su parte, la flamante rectora de la Universidad Nacional de Pilar, destac\u00f3 que: &#8220;Estamos concretando este sue\u00f1o por el que tanto luchamos. Hoy tenemos una universidad p\u00fablica, gratuita y de calidad, que va a tener en el centro a los estudiantes y al crecimiento de Pilar para transformar la realidad. Esta es una universidad que quiere crecer con su pueblo&#8221;.<\/p>\n\n\n\n<p>Finalmente, el ministro Perzcyk, tras entregar la resoluci\u00f3n de la designaci\u00f3n, se\u00f1al\u00f3: &#8220;Esto es un hito en la realizaci\u00f3n de una universidad, hoy Elizabeth se pone al frente de su conformaci\u00f3n efectiva. Bienvenida la Universidad Nacional de Pilar, donde puedan venir todos. Esta Universidad va a hacer que Pilar, el conurbano y la Provincia sean mejores&#8221;.<\/p>\n","protected":false},"excerpt":{"rendered":"<p>El intendente Federico Ach\u00e1val present\u00f3 a la comunidad a la rectora organizadora de la flamante Universidad Nacional de Pilar. Se trata de Elizabeth Wanger, una reconocida educadora del distrito con una gran trayectoria pedag\u00f3gica. La presentaci\u00f3n, de la que particip\u00f3 el ministro de Educaci\u00f3n nacional, Jaime Perczyk, se realiz\u00f3 en el predio del Pellegrini junto [&hellip;]<\/p>\n","protected":false},"author":1,"featured_media":3630,"comment_status":"open","ping_status":"open","sticky":false,"template":"","format":"standard","meta":{"footnotes":""},"categories":[20],"tags":[],"class_list":{"0":"post-3629","1":"post","2":"type-post","3":"status-publish","4":"format-standard","5":"has-post-thumbnail","7":"category-provincia"},"_links":{"self":[{"href":"https:\/\/provinciadigital.com.ar\/index.php?rest_route=\/wp\/v2\/posts\/3629","targetHints":{"allow":["GET"]}}],"collection":[{"href":"https:\/\/provinciadigital.com.ar\/index.php?rest_route=\/wp\/v2\/posts"}],"about":[{"href":"https:\/\/provinciadigital.com.ar\/index.php?rest_route=\/wp\/v2\/types\/post"}],"author":[{"embeddable":true,"href":"https:\/\/provinciadigital.com.ar\/index.php?rest_route=\/wp\/v2\/users\/1"}],"replies":[{"embeddable":true,"href":"https:\/\/provinciadigital.com.ar\/index.php?rest_route=%2Fwp%2Fv2%2Fcomments&post=3629"}],"version-history":[{"count":1,"href":"https:\/\/provinciadigital.com.ar\/index.php?rest_route=\/wp\/v2\/posts\/3629\/revisions"}],"predecessor-version":[{"id":3631,"href":"https:\/\/provinciadigital.com.ar\/index.php?rest_route=\/wp\/v2\/posts\/3629\/revisions\/3631"}],"wp:featuredmedia":[{"embeddable":true,"href":"https:\/\/provinciadigital.com.ar\/index.php?rest_route=\/wp\/v2\/media\/3630"}],"wp:attachment":[{"href":"https:\/\/provinciadigital.com.ar\/index.php?rest_route=%2Fwp%2Fv2%2Fmedia&parent=3629"}],"wp:term":[{"taxonomy":"category","embeddable":true,"href":"https:\/\/provinciadigital.com.ar\/index.php?rest_route=%2Fwp%2Fv2%2Fcategories&post=3629"},{"taxonomy":"post_tag","embeddable":true,"href":"https:\/\/provinciadigital.com.ar\/index.php?rest_route=%2Fwp%2Fv2%2Ftags&post=3629"}],"curies":[{"name":"wp","href":"https:\/\/api.w.org\/{rel}","templated":true}]}}