{"id":3632,"date":"2023-11-15T11:59:10","date_gmt":"2023-11-15T11:59:10","guid":{"rendered":"https:\/\/provinciadigital.com.ar\/?p=3632"},"modified":"2023-11-15T11:59:11","modified_gmt":"2023-11-15T11:59:11","slug":"en-actos-separados-milei-y-villarruel-insistieron-con-fiscalizar-y-defender-el-voto-en-el-balotaje","status":"publish","type":"post","link":"https:\/\/provinciadigital.com.ar\/?p=3632","title":{"rendered":"En actos separados Milei y Villarruel insistieron con fiscalizar y &#8220;defender el voto&#8221; en el balotaje"},"content":{"rendered":"\n<p>El candidato presidencial de La Libertad Avanza (LLA), Javier Milei, encabez\u00f3 este martes en Rosario su ante\u00faltima caravana de campa\u00f1a con miras al balotaje, esta vez sin su compa\u00f1era de f\u00f3rmula, Victoria Villarruel, quien arm\u00f3 su propio encuentro con militantes en el barrio porte\u00f1o de Recoleta, aunque ambos coincidieron en la necesidad de que la militancia &#8220;defienda el voto&#8221; el pr\u00f3ximo domingo.<\/p>\n\n\n\n<p>Si bien en ninguno de los eventos proselitistas realizados este martes cont\u00f3 con la presencia de aliados de Juntos por el Cambio, se ratificaron los acuerdos con referentes del PRO para aportar &#8220;una buena estructura&#8221; de fiscalizaci\u00f3n en la jornada electoral de la segunda vuelta.<\/p>\n\n\n\n<p>Milei encabezo hoy su ante\u00faltima caravana proselitista en Rosario en el marco de su &#8220;Tour de la libertad&#8221; en b\u00fasqueda del voto santafesino de cara al balotaje del domingo en el que enfrentar\u00e1 a Sergio Massa, de Uni\u00f3n por la Patria (UxP).<\/p>\n\n\n\n<p>&#8220;Es importante que tengamos conciencia del momento hist\u00f3rico, estamos frente a la elecci\u00f3n m\u00e1s importante de los \u00faltimos 100 a\u00f1os&#8221;, sostuvo el economista libertario en un peque\u00f1o escenario montado sobre un cami\u00f3n y ubicado de espaldas al Monumento Nacional a la Bandera, en el que habl\u00f3 durante poco m\u00e1s de diez minutos.<\/p>\n\n\n\n<p>El candidato presidencial se\u00f1al\u00f3 que el domingo &#8220;se est\u00e1 eligiendo si seguimos en la decadencia o volver a ser potencia&#8221; y diferenci\u00f3 a &#8220;los corruptos de la casta pol\u00edtica&#8221; de &#8220;los argentinos de bien&#8221;. &#8220;Este domingo tenemos que elegir si queremos populismo o rep\u00fablica&#8221;, subray\u00f3.<\/p>\n\n\n\n<p>Volvi\u00f3 a acusar al oficialismo de hacer una &#8220;campa\u00f1a del miedo&#8221; e insisti\u00f3 a la militancia en el pedido de &#8220;fiscalizaci\u00f3n&#8221; el pr\u00f3ximo domingo para &#8220;defender el voto&#8221;.<\/p>\n\n\n\n<p>Un p\u00fablico conformado mayoritariamente por j\u00f3venes, aderezado por peque\u00f1os grupos de adultos mayores, interrumpi\u00f3 a cada rato el discurso del postulante para cantar &#8220;se siente, Milei presidente&#8221; o &#8220;la casta tiene miedo&#8221;.<\/p>\n\n\n\n<p>El candidato a la Casa Rosada, que no estuvo acompa\u00f1ado por los dirigentes del PRO santafesinos que hicieron p\u00fablico su apoyo, acus\u00f3 a &#8220;los brasile\u00f1os pagados por (el presidente) Lula&#8221; de &#8220;contaminar la campa\u00f1a&#8221;, con el presunto prop\u00f3sito de infundir temor en el electorado.<\/p>\n\n\n\n<p>Antes del encuentro con la militancia, Milei tuvo un altercado con el periodista rosarino de Canal 3 Pedro Levy, quien al intentar entrevistarlo recibi\u00f3 un empuj\u00f3n por parte del candidato.<\/p>\n\n\n\n<p>Esto gener\u00f3 el repudio del Sindicato de Prensa Rosario (SPR), quien advirti\u00f3 sobre su &#8220;marcado desprecio por la tarea period\u00edstica&#8221;.<\/p>\n\n\n\n<p>Por su parte, Villarruel cort\u00f3 el tr\u00e1nsito un rato para realizar un peque\u00f1o acto en avenida Callao y Santa Fe, en el barrio porte\u00f1o de Recoleta, junto a la diputada electa, Marcela Pagano, y el excandidato a jefe de gobierno porte\u00f1o, Ramiro Marra.<\/p>\n\n\n\n<p>En el encuentro, de escasa convocatoria, la diputada reparti\u00f3 boletas de LLA y se sac\u00f3 fotograf\u00edas con los presentes, aunque no se exhibieron banderas libertarias en la zona, sino pancartas con el nombre Victoria Villarruel.<\/p>\n\n\n\n<p>Si bien el acto en Recoleta, barrio donde Juntos por el Cambio pisa fuerte, no tuvo mayores repercusiones, la postulante libertaria a la vicepresidencia tom\u00f3 protagonismo esta ma\u00f1ana por sus pol\u00e9micas declaraciones sobre el edificio de la ex Esma.<\/p>\n\n\n\n<p>Villarruel recibi\u00f3 criticas de organismos de derechos humanos por querer &#8220;borrar la historia&#8221; de memoria, verdad y justicia y referentes en la materia reivindicaron el rol que cumple el Museo Sitio de Memoria ESMA, declarado Patrimonio de la Humanidad por la Unesco.<\/p>\n\n\n\n<p>&#8220;Villarruel quiere borrar la historia, pero no va a poder porque estamos los organismos de Derechos Humanos y el pueblo argentino. La exEsma es una imagen mundial de lo que fue el horror en la Argentina&#8221;, afirm\u00f3 la presidenta de Abuelas de Plaza de Mayo, Estela de Carlotto, en declaraciones formuladas a la radio online FutuR\u00f6ck.<\/p>\n\n\n\n<p>Anoche, Villarruel afirm\u00f3 que la ExEsma est\u00e1 sobre un espacio de &#8220;17 hect\u00e1reas que podr\u00edan ser disfrutadas tambi\u00e9n por todo el pueblo argentino&#8221;.<\/p>\n\n\n\n<p>Sin retroceder con su postura, esta tarde la diputada nacional asegur\u00f3 que tendr\u00e1 un rol &#8220;presente&#8221; en cuestiones de seguridad y defensa en caso de que el espacio que encabeza Javier Milei se imponga en el balotaje, y calific\u00f3 a la pol\u00edtica actual de derechos humanos de la actual administraci\u00f3n como &#8220;un curro&#8221;.<\/p>\n\n\n\n<p>&#8220;Entiendo que hay un sector de la sociedad, bastante minoritario por cierto, que le da la espalda al sufrimiento actual del pueblo argentino, que necesita demonizar a alguien y poner sus miedos en otro lado. Por eso hay que terminar con el curro de los derechos humanos&#8221;, se\u00f1al\u00f3 Villarruel, en sinton\u00eda con el expresidente Mauricio Macri, quien en varias oportunidades emple\u00f3 ese t\u00e9rmino para referirse a las pol\u00edticas de Memoria, Verdad y Justicia.<\/p>\n\n\n\n<p>Por otra parte, esta ma\u00f1ana el asesor de LLA, Guillermo Francos, asegur\u00f3 que Milei se reuni\u00f3 con el expresidente Mauricio Macri para analizar el operativo de fiscalizaci\u00f3n para el balotaje del pr\u00f3ximo domingo y acordaron &#8220;poner una cantidad peque\u00f1a (de boletas) y que los fiscales vayan reponiendo&#8221; durante la jornada del comicio.<\/p>\n\n\n\n<p>&#8220;No hab\u00eda un n\u00famero m\u00ednimo de boletas, pusimos entre 70 y 100 por escuela. Lo hicimos entendiendo que en el momento inicial suelen desaparecer boletas y el robo de boletas es una cosa habitual. Preferimos poner una cantidad peque\u00f1ita y que los fiscales las vayan reponiendo&#8221;, sostuvo Francos en declaraciones a la emisora Urbana Play.<\/p>\n\n\n\n<p>En esta l\u00ednea, Francos confirm\u00f3 que est\u00e1n trabajando conjuntamente los fiscales libertarios y los del PRO y afirm\u00f3 que Milei se reuni\u00f3 con Macri anoche, en el hotel LIbertador, para conversar &#8220;el tema de la fiscalizaci\u00f3n de la elecci\u00f3n, fundamentalmente&#8221;.<\/p>\n\n\n\n<p>En relaci\u00f3n con la fiscalizaci\u00f3n, el vicepresidente del PRO, Federico Angelini, afirm\u00f3 hoy que esa fuerza aportar\u00e1 una &#8220;buena estructura&#8221; de fiscalizaci\u00f3n para el balotaje del domingo y dijo que en caso de un eventual triunfo de Javier Milei, el candidato de La Libertad Avanza (LLA) convocar\u00e1 para su Gobierno &#8220;a gente de experiencia&#8221; del espacio presidido por Patricia Bullrich.<\/p>\n","protected":false},"excerpt":{"rendered":"<p>El candidato presidencial de La Libertad Avanza (LLA), Javier Milei, encabez\u00f3 este martes en Rosario su ante\u00faltima caravana de campa\u00f1a con miras al balotaje, esta vez sin su compa\u00f1era de f\u00f3rmula, Victoria Villarruel, quien arm\u00f3 su propio encuentro con militantes en el barrio porte\u00f1o de Recoleta, aunque ambos coincidieron en la necesidad de que la [&hellip;]<\/p>\n","protected":false},"author":1,"featured_media":3633,"comment_status":"open","ping_status":"open","sticky":false,"template":"","format":"standard","meta":{"footnotes":""},"categories":[20],"tags":[],"class_list":{"0":"post-3632","1":"post","2":"type-post","3":"status-publish","4":"format-standard","5":"has-post-thumbnail","7":"category-provincia"},"_links":{"self":[{"href":"https:\/\/provinciadigital.com.ar\/index.php?rest_route=\/wp\/v2\/posts\/3632","targetHints":{"allow":["GET"]}}],"collection":[{"href":"https:\/\/provinciadigital.com.ar\/index.php?rest_route=\/wp\/v2\/posts"}],"about":[{"href":"https:\/\/provinciadigital.com.ar\/index.php?rest_route=\/wp\/v2\/types\/post"}],"author":[{"embeddable":true,"href":"https:\/\/provinciadigital.com.ar\/index.php?rest_route=\/wp\/v2\/users\/1"}],"replies":[{"embeddable":true,"href":"https:\/\/provinciadigital.com.ar\/index.php?rest_route=%2Fwp%2Fv2%2Fcomments&post=3632"}],"version-history":[{"count":1,"href":"https:\/\/provinciadigital.com.ar\/index.php?rest_route=\/wp\/v2\/posts\/3632\/revisions"}],"predecessor-version":[{"id":3634,"href":"https:\/\/provinciadigital.com.ar\/index.php?rest_route=\/wp\/v2\/posts\/3632\/revisions\/3634"}],"wp:featuredmedia":[{"embeddable":true,"href":"https:\/\/provinciadigital.com.ar\/index.php?rest_route=\/wp\/v2\/media\/3633"}],"wp:attachment":[{"href":"https:\/\/provinciadigital.com.ar\/index.php?rest_route=%2Fwp%2Fv2%2Fmedia&parent=3632"}],"wp:term":[{"taxonomy":"category","embeddable":true,"href":"https:\/\/provinciadigital.com.ar\/index.php?rest_route=%2Fwp%2Fv2%2Fcategories&post=3632"},{"taxonomy":"post_tag","embeddable":true,"href":"https:\/\/provinciadigital.com.ar\/index.php?rest_route=%2Fwp%2Fv2%2Ftags&post=3632"}],"curies":[{"name":"wp","href":"https:\/\/api.w.org\/{rel}","templated":true}]}}