{"id":3638,"date":"2023-11-16T12:38:00","date_gmt":"2023-11-16T12:38:00","guid":{"rendered":"https:\/\/provinciadigital.com.ar\/?p=3638"},"modified":"2023-11-16T12:38:02","modified_gmt":"2023-11-16T12:38:02","slug":"domingo-de-balotaje-el-transporte-publico-sera-gratuito","status":"publish","type":"post","link":"https:\/\/provinciadigital.com.ar\/?p=3638","title":{"rendered":"Domingo de balotaje: el transporte p\u00fablico ser\u00e1 gratuito"},"content":{"rendered":"\n<p>Al igual que en las elecciones generales de octubre, el transporte p\u00fablico de pasajeros ser\u00e1 gratuito durante el pr\u00f3ximo domingo. La medida dispuesta por el Ministerio de Transporte de la Naci\u00f3n es para facilitar el viaje hacia los centros de votaci\u00f3n y fomentar la participaci\u00f3n en el balotaje entre Sergio Massa y Javier Milei.<\/p>\n\n\n\n<p>En concreto, el titular del \u00e1rea, Diego Giuliano, dispuso a trav\u00e9s de la Resoluci\u00f3n 610\/23 que se vuelva a aplicar la medida adoptada en los comicios anteriores y tambi\u00e9n en las PASO de agosto. Esto significa que los pasajeros podr\u00e1n usar gratuitamente los servicios de transporte p\u00fablico automotor urbano y suburbano de pasajeros de Jurisdicci\u00f3n Nacional y los servicios p\u00fablicos de pasajeros ferroviario de Jurisdicci\u00f3n Nacional, Metropolitanos, Locales Extendidos, e Interurbanos Regionales.<\/p>\n\n\n\n<p>Los servicios de transporte provinciales est\u00e1n sujetos a lo que decida cada jurisdicci\u00f3n, pero el Ministerio de Transporte nacional las invit\u00f3 a adherir. De hecho, en las elecciones pasadas la provincia de Buenos Aires lo hizo por lo que es esperable que vuelva a tomar la misma decisi\u00f3n. A la espera de un anuncio formal, desde la cartera que lidera Giuliano informaron que la Naci\u00f3n se har\u00e1 cargo de compensar a las empresas siempre y cuando las provincias presenten la rendici\u00f3n de cuentas correspondiente.<\/p>\n\n\n\n<p>M\u00e1s all\u00e1 de la gratuidad del servicio, Transporte dispuso que la frecuencia de los distintos transportes sea igual a la de los s\u00e1bados durante el domingo de elecciones.<\/p>\n","protected":false},"excerpt":{"rendered":"<p>Al igual que en las elecciones generales de octubre, el transporte p\u00fablico de pasajeros ser\u00e1 gratuito durante el pr\u00f3ximo domingo. La medida dispuesta por el Ministerio de Transporte de la Naci\u00f3n es para facilitar el viaje hacia los centros de votaci\u00f3n y fomentar la participaci\u00f3n en el balotaje entre Sergio Massa y Javier Milei. En [&hellip;]<\/p>\n","protected":false},"author":1,"featured_media":3639,"comment_status":"open","ping_status":"open","sticky":false,"template":"","format":"standard","meta":{"footnotes":""},"categories":[20],"tags":[],"class_list":{"0":"post-3638","1":"post","2":"type-post","3":"status-publish","4":"format-standard","5":"has-post-thumbnail","7":"category-provincia"},"_links":{"self":[{"href":"https:\/\/provinciadigital.com.ar\/index.php?rest_route=\/wp\/v2\/posts\/3638","targetHints":{"allow":["GET"]}}],"collection":[{"href":"https:\/\/provinciadigital.com.ar\/index.php?rest_route=\/wp\/v2\/posts"}],"about":[{"href":"https:\/\/provinciadigital.com.ar\/index.php?rest_route=\/wp\/v2\/types\/post"}],"author":[{"embeddable":true,"href":"https:\/\/provinciadigital.com.ar\/index.php?rest_route=\/wp\/v2\/users\/1"}],"replies":[{"embeddable":true,"href":"https:\/\/provinciadigital.com.ar\/index.php?rest_route=%2Fwp%2Fv2%2Fcomments&post=3638"}],"version-history":[{"count":1,"href":"https:\/\/provinciadigital.com.ar\/index.php?rest_route=\/wp\/v2\/posts\/3638\/revisions"}],"predecessor-version":[{"id":3640,"href":"https:\/\/provinciadigital.com.ar\/index.php?rest_route=\/wp\/v2\/posts\/3638\/revisions\/3640"}],"wp:featuredmedia":[{"embeddable":true,"href":"https:\/\/provinciadigital.com.ar\/index.php?rest_route=\/wp\/v2\/media\/3639"}],"wp:attachment":[{"href":"https:\/\/provinciadigital.com.ar\/index.php?rest_route=%2Fwp%2Fv2%2Fmedia&parent=3638"}],"wp:term":[{"taxonomy":"category","embeddable":true,"href":"https:\/\/provinciadigital.com.ar\/index.php?rest_route=%2Fwp%2Fv2%2Fcategories&post=3638"},{"taxonomy":"post_tag","embeddable":true,"href":"https:\/\/provinciadigital.com.ar\/index.php?rest_route=%2Fwp%2Fv2%2Ftags&post=3638"}],"curies":[{"name":"wp","href":"https:\/\/api.w.org\/{rel}","templated":true}]}}