{"id":3641,"date":"2023-11-17T12:39:05","date_gmt":"2023-11-17T12:39:05","guid":{"rendered":"https:\/\/provinciadigital.com.ar\/?p=3641"},"modified":"2023-11-17T12:39:06","modified_gmt":"2023-11-17T12:39:06","slug":"patricia-bullrich-recorrio-san-isidro-junto-al-intendente-electo-ramon-lanus","status":"publish","type":"post","link":"https:\/\/provinciadigital.com.ar\/?p=3641","title":{"rendered":"Patricia Bullrich recorri\u00f3 San Isidro junto al intendente electo, Ram\u00f3n Lan\u00fas"},"content":{"rendered":"\n<p>&#8220;Estamos en un 100% de fiscalizaci\u00f3n. En estas elecciones al momento de fiscalizar pueden darse niveles de tensi\u00f3n fuerte, as\u00ed que hay que estar preparados. Todos los fiscales tienen que estar muy firmes para responder a la presi\u00f3n y no asustarse&#8221;, expres\u00f3 la presidenta del PRO y ex candidata presidencial.<\/p>\n\n\n\n<p>&#8220;Nosotros consideramos que todo balotaje es una elecci\u00f3n muy re\u00f1ida, como fue en el 2015. Son elecciones en las que el voto en blanco no se cuenta. Creemos que la Argentina es un pa\u00eds que est\u00e1 en decadencia, producto de un sistema de gobierno que es corrupto, que maneja los factores de poder como quieren, que siempre que gobierna tiene excusas para que las cosas empeoren m\u00e1s, como la inflaci\u00f3n y la pobreza, con todo. Nosotros no queremos m\u00e1s excusas&#8221;, asever\u00f3.<\/p>\n\n\n\n<p>Y agreg\u00f3: &#8220;No fuimos elegidos como la primera opci\u00f3n y tomamos la decisi\u00f3n de elegir lo que fue la segunda opci\u00f3n del cambio, que fue la m\u00e1s votada. Los vamos a acompa\u00f1ar, y por supuesto lo hacemos respetando lo que son nuestros principios.&#8221;<\/p>\n\n\n\n<p>&#8220;Acabo de hablar con los responsables de fiscalizaci\u00f3n y me confirmaron que estamos en un 100% de cobertura. Con las cosas que est\u00e1n pasando, lo que pas\u00f3 ayer en Ezeiza, la verdad que es una cosa ins\u00f3lita que el Intendente, que es una persona que tiene que ser responsable por los vecinos, se haya puesto en la mitad de la plaza a impedir un acto. Eso significa que en estas elecciones al momento de fiscalizar pueden darse niveles de tensi\u00f3n fuerte, as\u00ed que hay que estar preparados. Todos los fiscales tienen que estar muy firmes para responder a la presi\u00f3n y no asustarse. La Matanza es un distrito clave&#8221;, manifest\u00f3.<\/p>\n\n\n\n<p>Sobre el apoyo brindado al candidato libertario, destac\u00f3 que si bien durante la campa\u00f1a tuvieron puntos de desacuerdo que tensaron el v\u00ednculo, tal circunstancia fue zanjada, y se encuentran en permanente di\u00e1logo para acompa\u00f1ar el cambio que el pa\u00eds necesita. As\u00ed, manifest\u00f3: &#8220;Nosotros durante muchos meses estuvimos dialogando con Milei antes de que se cerraran las listas. Discut\u00edamos sobre econom\u00eda, sobre cu\u00e1les eran las salidas econ\u00f3micas que tiene la Argentina, que est\u00e1 en una situaci\u00f3n muy dif\u00edcil con reservas negativas, con una inflaci\u00f3n real que ronda el 300% y una situaci\u00f3n de pobreza que ronda el 50%. Luego, en la elecci\u00f3n, hubo algunos desencuentros, algunas peleas, pero bueno, habiendo sido nosotros la opci\u00f3n no elegida del cambio, lo vamos a apoyar.&#8221;<\/p>\n\n\n\n<p>&#8220;Ese 90% de coincidencias se tiene que dar en tres puntos que nosotros creemos que son importantes y que ya se est\u00e1n dialogando, primero la econom\u00eda, que tiene que mejorar, la baja de impuestos, la posibilidad de que la gente trabaje en libertad, que haya inversi\u00f3n; tambi\u00e9n en la seguridad, que es un tema que todos preocupan. Reci\u00e9n me estaba diciendo Ram\u00f3n (Lan\u00fas) que \u00e9l le va a poner ac\u00e1 en San Isidro un gran refuerzo a la seguridad de los sanisidrenses; y, en tercer lugar, la educaci\u00f3n. \u00c9stos son los tres motores que cambian un pa\u00eds.&#8221;, concluy\u00f3 la Presidente del PRO.<\/p>\n\n\n\n<p>Por su parte, el Intendente electo, Ram\u00f3n Lan\u00fas, manifest\u00f3 &#8220;Estamos convencidos de que hace falta un cambio respecto de lo que hoy vive la Argentina. Este proceso pol\u00edtico que ya lleva 20 a\u00f1os en el poder tiene que terminar y hoy la alternativa a ese modelo es Javier Milei.&#8221;<\/p>\n\n\n\n<p>&#8220;Este es un gobierno que ha fracasado en todo. Es un modelo que est\u00e1 llevando al r\u00e9cord la inflaci\u00f3n y sumando 2 millones m\u00e1s de pobres: \u00bfQueremos que contin\u00fae o no? Yo creo que no. Por eso ratifico, hoy la alternativa para ese cambio es Javier Milei&#8221;.<\/p>\n\n\n\n<p>&#8220;Le pregunto al ministro de Econom\u00eda: \u00bfC\u00f3mo va a bajar la inflaci\u00f3n el a\u00f1o que viene? \u00bfPor qu\u00e9 no lo hizo hasta ahora? \u00bfPor qu\u00e9 va a bajar el d\u00f3lar a partir de diciembre si lo \u00fanico que hizo desde que es ministro fue subir?&#8221;<\/p>\n\n\n\n<p>&#8220;En San Isidro estamos trabajando para cuidar todos los votos este domingo y muy enfocados en prepararnos para asumir el gobierno el 10 de diciembre. Nuestra prioridad va a ser resolver la inseguridad que es el principal problema que sufren los vecinos todos los d\u00edas.&#8221;, concluy\u00f3.<\/p>\n","protected":false},"excerpt":{"rendered":"<p>&#8220;Estamos en un 100% de fiscalizaci\u00f3n. En estas elecciones al momento de fiscalizar pueden darse niveles de tensi\u00f3n fuerte, as\u00ed que hay que estar preparados. Todos los fiscales tienen que estar muy firmes para responder a la presi\u00f3n y no asustarse&#8221;, expres\u00f3 la presidenta del PRO y ex candidata presidencial. &#8220;Nosotros consideramos que todo balotaje [&hellip;]<\/p>\n","protected":false},"author":1,"featured_media":3642,"comment_status":"open","ping_status":"open","sticky":false,"template":"","format":"standard","meta":{"footnotes":""},"categories":[117],"tags":[],"class_list":{"0":"post-3641","1":"post","2":"type-post","3":"status-publish","4":"format-standard","5":"has-post-thumbnail","7":"category-san-isidro"},"_links":{"self":[{"href":"https:\/\/provinciadigital.com.ar\/index.php?rest_route=\/wp\/v2\/posts\/3641","targetHints":{"allow":["GET"]}}],"collection":[{"href":"https:\/\/provinciadigital.com.ar\/index.php?rest_route=\/wp\/v2\/posts"}],"about":[{"href":"https:\/\/provinciadigital.com.ar\/index.php?rest_route=\/wp\/v2\/types\/post"}],"author":[{"embeddable":true,"href":"https:\/\/provinciadigital.com.ar\/index.php?rest_route=\/wp\/v2\/users\/1"}],"replies":[{"embeddable":true,"href":"https:\/\/provinciadigital.com.ar\/index.php?rest_route=%2Fwp%2Fv2%2Fcomments&post=3641"}],"version-history":[{"count":1,"href":"https:\/\/provinciadigital.com.ar\/index.php?rest_route=\/wp\/v2\/posts\/3641\/revisions"}],"predecessor-version":[{"id":3643,"href":"https:\/\/provinciadigital.com.ar\/index.php?rest_route=\/wp\/v2\/posts\/3641\/revisions\/3643"}],"wp:featuredmedia":[{"embeddable":true,"href":"https:\/\/provinciadigital.com.ar\/index.php?rest_route=\/wp\/v2\/media\/3642"}],"wp:attachment":[{"href":"https:\/\/provinciadigital.com.ar\/index.php?rest_route=%2Fwp%2Fv2%2Fmedia&parent=3641"}],"wp:term":[{"taxonomy":"category","embeddable":true,"href":"https:\/\/provinciadigital.com.ar\/index.php?rest_route=%2Fwp%2Fv2%2Fcategories&post=3641"},{"taxonomy":"post_tag","embeddable":true,"href":"https:\/\/provinciadigital.com.ar\/index.php?rest_route=%2Fwp%2Fv2%2Ftags&post=3641"}],"curies":[{"name":"wp","href":"https:\/\/api.w.org\/{rel}","templated":true}]}}