{"id":3955,"date":"2024-02-21T10:15:32","date_gmt":"2024-02-21T10:15:32","guid":{"rendered":"https:\/\/provinciadigital.com.ar\/?p=3955"},"modified":"2024-02-21T10:15:32","modified_gmt":"2024-02-21T10:15:32","slug":"los-docentes-bonaerenses-aceptaron-el-20-de-aumento-ofrecido-por-el-gobierno-de-kicillof","status":"publish","type":"post","link":"https:\/\/provinciadigital.com.ar\/?p=3955","title":{"rendered":"Los docentes bonaerenses aceptaron el 20% de aumento ofrecido por el Gobierno de Kicillof"},"content":{"rendered":"\n<p>Los docentes hab\u00edan informado d\u00edas pasados que llevar\u00edan la propuesta a consideraci\u00f3n de las bases, a diferencia de los trabajadores de la Administraci\u00f3n P\u00fablica determinados por la Ley 10.430 que ese mismo d\u00eda avanzaron con el acuerdo, que incluye apertura mensual de las paritarias.<\/p>\n\n\n\n<p>Este martes, la Federaci\u00f3n de Educadores Bonaerenses (FEB) y el Sindicato Unificado de Trabajadores de la Educaci\u00f3n de Buenos Aires (Suteba) informaron que las asambleas aceptaron la oferta salarial.<\/p>\n\n\n\n<p>&#8220;Si bien la propuesta fue aceptada, el Congreso (de la FEB) manifest\u00f3 su disconformidad por la quita por parte del Gobierno nacional de las sumas correspondientes al Fondo de Incentivo Docente, material did\u00e1ctico y conectividad, que constituye una parte importante del salario&#8221;, asegur\u00f3 la presidenta de la FEB, Liliana Olivera, en un comunicado<\/p>\n\n\n\n<p>Indic\u00f3 que &#8220;hay una preocupaci\u00f3n muy importante de todo el sector por la p\u00e9rdida constante del poder adquisitivo del salario y la escalada de precios que golpea los ya deteriorados bolsillos de los docentes&#8221; y agreg\u00f3 que &#8220;los congresales no descartaron impulsar acciones gremiales&#8221;.<\/p>\n\n\n\n<p>Por su parte, Suteba indic\u00f3 que el plenario &#8220;aprob\u00f3 por ampl\u00edsima mayor\u00eda la propuesta salarial realizada por el Gobierno Provincial y aprob\u00f3 por unanimidad, desde la Ctera, exigir convocatoria a Paritaria y el env\u00edo de fondos a las provincias, y de no ser as\u00ed se avanzar\u00eda en un plan de lucha nacional&#8221;.<\/p>\n\n\n\n<p>El acuerdo implica un 20% de promedio general de aumento sobre base de c\u00e1lculo diciembre 2023, a partir del 1\u00b0 de febrero del 2024, cifra que alcanza a los docentes jubilados.<\/p>\n\n\n\n<p>Adem\u00e1s, se acord\u00f3 una nueva convocatoria en marzo y trabajo en comisi\u00f3n t\u00e9cnica para atender cuestiones relativas al sistema previsional bonaerense y a la obra social IOMA, entre otras.<\/p>\n","protected":false},"excerpt":{"rendered":"<p>Los docentes hab\u00edan informado d\u00edas pasados que llevar\u00edan la propuesta a consideraci\u00f3n de las bases, a diferencia de los trabajadores de la Administraci\u00f3n P\u00fablica determinados por la Ley 10.430 que ese mismo d\u00eda avanzaron con el acuerdo, que incluye apertura mensual de las paritarias. Este martes, la Federaci\u00f3n de Educadores Bonaerenses (FEB) y el Sindicato [&hellip;]<\/p>\n","protected":false},"author":1,"featured_media":3956,"comment_status":"open","ping_status":"open","sticky":false,"template":"","format":"standard","meta":{"footnotes":""},"categories":[20],"tags":[],"class_list":{"0":"post-3955","1":"post","2":"type-post","3":"status-publish","4":"format-standard","5":"has-post-thumbnail","7":"category-provincia"},"_links":{"self":[{"href":"https:\/\/provinciadigital.com.ar\/index.php?rest_route=\/wp\/v2\/posts\/3955","targetHints":{"allow":["GET"]}}],"collection":[{"href":"https:\/\/provinciadigital.com.ar\/index.php?rest_route=\/wp\/v2\/posts"}],"about":[{"href":"https:\/\/provinciadigital.com.ar\/index.php?rest_route=\/wp\/v2\/types\/post"}],"author":[{"embeddable":true,"href":"https:\/\/provinciadigital.com.ar\/index.php?rest_route=\/wp\/v2\/users\/1"}],"replies":[{"embeddable":true,"href":"https:\/\/provinciadigital.com.ar\/index.php?rest_route=%2Fwp%2Fv2%2Fcomments&post=3955"}],"version-history":[{"count":1,"href":"https:\/\/provinciadigital.com.ar\/index.php?rest_route=\/wp\/v2\/posts\/3955\/revisions"}],"predecessor-version":[{"id":3957,"href":"https:\/\/provinciadigital.com.ar\/index.php?rest_route=\/wp\/v2\/posts\/3955\/revisions\/3957"}],"wp:featuredmedia":[{"embeddable":true,"href":"https:\/\/provinciadigital.com.ar\/index.php?rest_route=\/wp\/v2\/media\/3956"}],"wp:attachment":[{"href":"https:\/\/provinciadigital.com.ar\/index.php?rest_route=%2Fwp%2Fv2%2Fmedia&parent=3955"}],"wp:term":[{"taxonomy":"category","embeddable":true,"href":"https:\/\/provinciadigital.com.ar\/index.php?rest_route=%2Fwp%2Fv2%2Fcategories&post=3955"},{"taxonomy":"post_tag","embeddable":true,"href":"https:\/\/provinciadigital.com.ar\/index.php?rest_route=%2Fwp%2Fv2%2Ftags&post=3955"}],"curies":[{"name":"wp","href":"https:\/\/api.w.org\/{rel}","templated":true}]}}