{"id":3958,"date":"2024-02-21T10:17:17","date_gmt":"2024-02-21T10:17:17","guid":{"rendered":"https:\/\/provinciadigital.com.ar\/?p=3958"},"modified":"2024-02-21T10:17:18","modified_gmt":"2024-02-21T10:17:18","slug":"se-viene-una-nueva-edicion-del-mercadito-al-rio-de-tigre-un-espacio-de-encuentro-y-emprendimiento","status":"publish","type":"post","link":"https:\/\/provinciadigital.com.ar\/?p=3958","title":{"rendered":"Se viene una nueva edici\u00f3n del Mercadito al R\u00edo de Tigre: Un Espacio de Encuentro y Emprendimiento"},"content":{"rendered":"\n<p>Es impulsada por el HCD de Tigre y la pr\u00f3xima fecha est\u00e1 programada para el pr\u00f3ximo domingo 25 de febrero desde las 14 a las 20. El evento contar\u00e1 con la presencia de m\u00e1s de 100 stands, foodtrucks y shows en vivo.<\/p>\n\n\n\n<p>El Mercadito al R\u00edo, una innovadora iniciativa promovida por el Concejo Deliberante de Tigre desde el a\u00f1o 2022, contin\u00faa siendo un vibrante espacio de interacci\u00f3n y emprendimiento para los residentes y visitantes de la zona. Este pintoresco mercado, que ha ganado popularidad desde su inauguraci\u00f3n, ofrece una amplia gama de productos locales que van desde ropa hasta art\u00edculos de cosm\u00e9tica, juguetes, bijouterie y cer\u00e1mica, entre otros.<\/p>\n\n\n\n<p>Ubicado estrat\u00e9gicamente en el Paseo Victorica 902, Tigre, el Mercadito al R\u00edo se ha convertido en un punto de encuentro dominical para aquellos que buscan experiencias \u00fanicas y productos aut\u00e9nticos. Con la presencia de m\u00e1s de 100 stands, as\u00ed como foodtrucks y shows en vivo.<\/p>\n\n\n\n<p>En un esfuerzo por promover a\u00fan m\u00e1s la participaci\u00f3n de emprendedores locales, el Concejo Deliberante de Tigre tiene previsto ampliar las jornadas del Mercadito al R\u00edo. A partir del mes de marzo, se contempla la incorporaci\u00f3n de los d\u00edas s\u00e1bados, brindando as\u00ed una oportunidad adicional para que m\u00e1s emprendedores se sumen a esta enriquecedora experiencia.<\/p>\n\n\n\n<p>Tras la edici\u00f3n del domingo pasado, la pr\u00f3xima fecha del Mercadito al R\u00edo est\u00e1 programada para el 25 de febrero, desde las 14:00 hasta las 20:00 horas. Aquellos interesados en conocer m\u00e1s sobre esta y otras propuestas de actividades promovidas por el Concejo Deliberante de Tigre pueden obtener informaci\u00f3n a trav\u00e9s de sus redes sociales: Instagram (@hcdtigre) y su sitio web oficial (hcdtigre.gob.ar).<\/p>\n","protected":false},"excerpt":{"rendered":"<p>Es impulsada por el HCD de Tigre y la pr\u00f3xima fecha est\u00e1 programada para el pr\u00f3ximo domingo 25 de febrero desde las 14 a las 20. El evento contar\u00e1 con la presencia de m\u00e1s de 100 stands, foodtrucks y shows en vivo. El Mercadito al R\u00edo, una innovadora iniciativa promovida por el Concejo Deliberante de [&hellip;]<\/p>\n","protected":false},"author":1,"featured_media":3959,"comment_status":"open","ping_status":"open","sticky":false,"template":"","format":"standard","meta":{"footnotes":""},"categories":[115],"tags":[],"class_list":{"0":"post-3958","1":"post","2":"type-post","3":"status-publish","4":"format-standard","5":"has-post-thumbnail","7":"category-tigre"},"_links":{"self":[{"href":"https:\/\/provinciadigital.com.ar\/index.php?rest_route=\/wp\/v2\/posts\/3958","targetHints":{"allow":["GET"]}}],"collection":[{"href":"https:\/\/provinciadigital.com.ar\/index.php?rest_route=\/wp\/v2\/posts"}],"about":[{"href":"https:\/\/provinciadigital.com.ar\/index.php?rest_route=\/wp\/v2\/types\/post"}],"author":[{"embeddable":true,"href":"https:\/\/provinciadigital.com.ar\/index.php?rest_route=\/wp\/v2\/users\/1"}],"replies":[{"embeddable":true,"href":"https:\/\/provinciadigital.com.ar\/index.php?rest_route=%2Fwp%2Fv2%2Fcomments&post=3958"}],"version-history":[{"count":1,"href":"https:\/\/provinciadigital.com.ar\/index.php?rest_route=\/wp\/v2\/posts\/3958\/revisions"}],"predecessor-version":[{"id":3960,"href":"https:\/\/provinciadigital.com.ar\/index.php?rest_route=\/wp\/v2\/posts\/3958\/revisions\/3960"}],"wp:featuredmedia":[{"embeddable":true,"href":"https:\/\/provinciadigital.com.ar\/index.php?rest_route=\/wp\/v2\/media\/3959"}],"wp:attachment":[{"href":"https:\/\/provinciadigital.com.ar\/index.php?rest_route=%2Fwp%2Fv2%2Fmedia&parent=3958"}],"wp:term":[{"taxonomy":"category","embeddable":true,"href":"https:\/\/provinciadigital.com.ar\/index.php?rest_route=%2Fwp%2Fv2%2Fcategories&post=3958"},{"taxonomy":"post_tag","embeddable":true,"href":"https:\/\/provinciadigital.com.ar\/index.php?rest_route=%2Fwp%2Fv2%2Ftags&post=3958"}],"curies":[{"name":"wp","href":"https:\/\/api.w.org\/{rel}","templated":true}]}}