{"id":3961,"date":"2024-02-21T10:19:26","date_gmt":"2024-02-21T10:19:26","guid":{"rendered":"https:\/\/provinciadigital.com.ar\/?p=3961"},"modified":"2024-02-21T10:19:26","modified_gmt":"2024-02-21T10:19:26","slug":"el-gobierno-evalua-declarar-a-la-educacion-servicio-esencial-en-medio-del-conflicto-con-gremios","status":"publish","type":"post","link":"https:\/\/provinciadigital.com.ar\/?p=3961","title":{"rendered":"El Gobierno eval\u00faa declarar a la educaci\u00f3n \u201cservicio esencial\u201d en medio del conflicto con gremios"},"content":{"rendered":"\n<p>El Gobierno inform\u00f3 hoy que eval\u00faa declarar la educaci\u00f3n como \u201cun servicio esencial\u201d, a pocos d\u00edas del inicio de clases en todo el pa\u00eds y a dos de que se desarrolle el congreso nacional de Ctera, en el que los gremios docentes resolver\u00e1n el camino a seguir ante la falta de convocatoria a paritaria del sector y la decisi\u00f3n del Ejecutivo de no enviar a las provincias el Fondo Nacional de Incentivo Docente (Fonid).<\/p>\n\n\n\n<p>En su habitual conferencia de prensa en Casa Rosada, el vocero presidencial, Manuel Adorni, inform\u00f3 que \u201cse ha tomado la decisi\u00f3n de comenzar con la evaluaci\u00f3n para declarar a la educaci\u00f3n como servicio esencial. Los iremos manteniendo al tanto con respecto a este tema\u201d.<\/p>\n\n\n\n<p>Las declaraciones del vocero se producen en medio del reclamo de los gremios docentes para que sean convocadas las paritarias del sector a nivel nacional y que se garantice el env\u00edo de fondos nacionales a las provincias, uno de los temas analizados por el Gobierno durante la reuni\u00f3n de gabinete que se hizo esta ma\u00f1ana.<\/p>\n\n\n\n<p>Un grupo de sindicatos del magisterio se reuni\u00f3 hoy y advirti\u00f3 que \u201csin paritaria nacional los gremios docentes convocamos al paro en defensa de la Educaci\u00f3n\u201d.<\/p>\n\n\n\n<p>\u201cLos sindicatos docentes nucleados en la Confederaci\u00f3n General del Trabajo (CGT) nos reunimos hoy en la sede de UDA (Uni\u00f3n Docentes Argentinos) y acordamos avanzar este jueves con una medida de fuerza si el Gobierno nacional no realiza la convocatoria a una paritaria nacional\u201d, dijeron en un comunicado.<\/p>\n\n\n\n<p>Del encuentro participaron la secretaria general del sindicato de docentes privados (Sadop), Marina Jaureguiberry, y los secretarios generales de profesores t\u00e9cnicos (Amet), Edgardo Tomaselli; de la Confederaci\u00f3n de Educadores Argentinos (CEA), Fabi\u00e1n Felman, y de UDA, Sergio Romero, quienes indicaron que \u201cla fecha del paro ser\u00e1 definida el jueves\u201d.<\/p>\n\n\n\n<p>En este marco, la Confederaci\u00f3n de Trabajadores de la Educaci\u00f3n (Ctera) llevar\u00e1 a cabo el jueves, a las 11, un Congreso Extraordinario en la sede del gremio, ubicada en la calle Chile 654, en la ciudad de Buenos Aires, donde se definir\u00e1n eventuales medidas de fuerza.<\/p>\n","protected":false},"excerpt":{"rendered":"<p>El Gobierno inform\u00f3 hoy que eval\u00faa declarar la educaci\u00f3n como \u201cun servicio esencial\u201d, a pocos d\u00edas del inicio de clases en todo el pa\u00eds y a dos de que se desarrolle el congreso nacional de Ctera, en el que los gremios docentes resolver\u00e1n el camino a seguir ante la falta de convocatoria a paritaria del [&hellip;]<\/p>\n","protected":false},"author":1,"featured_media":3962,"comment_status":"open","ping_status":"open","sticky":false,"template":"","format":"standard","meta":{"footnotes":""},"categories":[129],"tags":[],"class_list":{"0":"post-3961","1":"post","2":"type-post","3":"status-publish","4":"format-standard","5":"has-post-thumbnail","7":"category-nacionales"},"_links":{"self":[{"href":"https:\/\/provinciadigital.com.ar\/index.php?rest_route=\/wp\/v2\/posts\/3961","targetHints":{"allow":["GET"]}}],"collection":[{"href":"https:\/\/provinciadigital.com.ar\/index.php?rest_route=\/wp\/v2\/posts"}],"about":[{"href":"https:\/\/provinciadigital.com.ar\/index.php?rest_route=\/wp\/v2\/types\/post"}],"author":[{"embeddable":true,"href":"https:\/\/provinciadigital.com.ar\/index.php?rest_route=\/wp\/v2\/users\/1"}],"replies":[{"embeddable":true,"href":"https:\/\/provinciadigital.com.ar\/index.php?rest_route=%2Fwp%2Fv2%2Fcomments&post=3961"}],"version-history":[{"count":1,"href":"https:\/\/provinciadigital.com.ar\/index.php?rest_route=\/wp\/v2\/posts\/3961\/revisions"}],"predecessor-version":[{"id":3963,"href":"https:\/\/provinciadigital.com.ar\/index.php?rest_route=\/wp\/v2\/posts\/3961\/revisions\/3963"}],"wp:featuredmedia":[{"embeddable":true,"href":"https:\/\/provinciadigital.com.ar\/index.php?rest_route=\/wp\/v2\/media\/3962"}],"wp:attachment":[{"href":"https:\/\/provinciadigital.com.ar\/index.php?rest_route=%2Fwp%2Fv2%2Fmedia&parent=3961"}],"wp:term":[{"taxonomy":"category","embeddable":true,"href":"https:\/\/provinciadigital.com.ar\/index.php?rest_route=%2Fwp%2Fv2%2Fcategories&post=3961"},{"taxonomy":"post_tag","embeddable":true,"href":"https:\/\/provinciadigital.com.ar\/index.php?rest_route=%2Fwp%2Fv2%2Ftags&post=3961"}],"curies":[{"name":"wp","href":"https:\/\/api.w.org\/{rel}","templated":true}]}}