{"id":3977,"date":"2024-02-23T15:03:12","date_gmt":"2024-02-23T15:03:12","guid":{"rendered":"https:\/\/provinciadigital.com.ar\/?p=3977"},"modified":"2024-02-23T15:03:13","modified_gmt":"2024-02-23T15:03:13","slug":"el-municipio-de-tigre-intensifica-los-trabajos-de-infraestructura-en-las-escuelas-del-distrito","status":"publish","type":"post","link":"https:\/\/provinciadigital.com.ar\/?p=3977","title":{"rendered":"El Municipio de Tigre intensifica los trabajos de infraestructura en las escuelas del distrito"},"content":{"rendered":"\n<p>Se realizan tareas de pintura integral en interiores y exteriores; refacciones y arreglos generales en espacios da\u00f1ados por el temporal para dejarlos en \u00f3ptimas condiciones de cara al ciclo lectivo 2024.<\/p>\n\n\n\n<p>Previo al inicio del ciclo lectivo 2024, el Municipio de Tigre contin\u00faa interviniendo m\u00e1s de 20 edificios de escuelas de gesti\u00f3n estatal a lo largo y ancho de la ciudad. Mantenimientos integrales, ampliaciones y refacciones son algunas de las labores ejecutadas por el Gobierno local.<\/p>\n\n\n\n<p>&#8220;Este a\u00f1o estamos trabajando muy fuerte en la terminaci\u00f3n de dos nuevas escuelas, que esperamos inaugurar en marzo. Instituciones que remodelamos a nuevo, como en la localidad de Rinc\u00f3n de Milberg; ampliaciones como en la secundaria de El Arco y otras refacciones que fueron producto, en principio, de nuestro plan estrat\u00e9gico de reparaciones de acuerdo a las necesidades&#8221;, afirm\u00f3 el intendente Zamora y a\u00f1adi\u00f3: &#8220;Tambi\u00e9n intervenimos edificios que se vieron afectados por el temporal. Hubo muchos techos volados y distintos inconvenientes que sufrieron los establecimientos. Con el equipo de Infraestructura Escolar pudimos poner todo el esfuerzo al servicio de que comiencen las clases normalmente&#8221;.<\/p>\n\n\n\n<p>Y culmin\u00f3: &#8220;Desde hace ya unos a\u00f1os venimos realizando una importante inversi\u00f3n en materia de refacciones en infraestructura escolar, ya que es una pol\u00edtica que forma parte de los valores que promovemos desde la gesti\u00f3n municipal; tener una educaci\u00f3n de calidad para todos los vecinos de Tigre. Nuestro objetivo es trabajar en todos los \u00e1mbitos de la escolaridad, tanto a nivel de jardines maternales, de infantes, escuelas primarias y secundarias, como el Centro Universitario Tigre que pudo de alguna manera ampliar su oferta a partir de la incorporaci\u00f3n de la Universidad Nacional de las Artes. Este es el camino que debemos seguir para fortalecer plenamente esta \u00e1rea en nuestra comunidad&#8221;.<\/p>\n\n\n\n<p>El Gobierno local lleva adelante tareas de pintura integral que incluyen aulas, pasillos, dependencias administrativas y fachada en: EP N\u00b0 52 y Escuela Secundaria N\u00b0 28 de Benav\u00eddez; EP N\u00b0 47 y N\u00b0 48; ES N\u00b0 41 de El Talar; Escuela T\u00e9cnica N\u00b0 5 y EP N\u00b0 2 de Tigre centro; EP N\u00b0 19 y EP N\u00b0 21 de Rinc\u00f3n de Milberg; EP N\u00b0 32; Jard\u00edn de Infantes N\u00b0 922 y N\u00b0 933 de Don Torcuato; EP N\u00b0 51 y ES N\u00b0 24 de Troncos del Talar; Jard\u00edn de Infantes N\u00b0 915 de General Pacheco y los jardines N\u00b0 909 y N\u00b0 932 de Ricardo Rojas.<\/p>\n","protected":false},"excerpt":{"rendered":"<p>Se realizan tareas de pintura integral en interiores y exteriores; refacciones y arreglos generales en espacios da\u00f1ados por el temporal para dejarlos en \u00f3ptimas condiciones de cara al ciclo lectivo 2024. Previo al inicio del ciclo lectivo 2024, el Municipio de Tigre contin\u00faa interviniendo m\u00e1s de 20 edificios de escuelas de gesti\u00f3n estatal a lo [&hellip;]<\/p>\n","protected":false},"author":1,"featured_media":3978,"comment_status":"open","ping_status":"open","sticky":false,"template":"","format":"standard","meta":{"footnotes":""},"categories":[115],"tags":[],"class_list":{"0":"post-3977","1":"post","2":"type-post","3":"status-publish","4":"format-standard","5":"has-post-thumbnail","7":"category-tigre"},"_links":{"self":[{"href":"https:\/\/provinciadigital.com.ar\/index.php?rest_route=\/wp\/v2\/posts\/3977","targetHints":{"allow":["GET"]}}],"collection":[{"href":"https:\/\/provinciadigital.com.ar\/index.php?rest_route=\/wp\/v2\/posts"}],"about":[{"href":"https:\/\/provinciadigital.com.ar\/index.php?rest_route=\/wp\/v2\/types\/post"}],"author":[{"embeddable":true,"href":"https:\/\/provinciadigital.com.ar\/index.php?rest_route=\/wp\/v2\/users\/1"}],"replies":[{"embeddable":true,"href":"https:\/\/provinciadigital.com.ar\/index.php?rest_route=%2Fwp%2Fv2%2Fcomments&post=3977"}],"version-history":[{"count":1,"href":"https:\/\/provinciadigital.com.ar\/index.php?rest_route=\/wp\/v2\/posts\/3977\/revisions"}],"predecessor-version":[{"id":3979,"href":"https:\/\/provinciadigital.com.ar\/index.php?rest_route=\/wp\/v2\/posts\/3977\/revisions\/3979"}],"wp:featuredmedia":[{"embeddable":true,"href":"https:\/\/provinciadigital.com.ar\/index.php?rest_route=\/wp\/v2\/media\/3978"}],"wp:attachment":[{"href":"https:\/\/provinciadigital.com.ar\/index.php?rest_route=%2Fwp%2Fv2%2Fmedia&parent=3977"}],"wp:term":[{"taxonomy":"category","embeddable":true,"href":"https:\/\/provinciadigital.com.ar\/index.php?rest_route=%2Fwp%2Fv2%2Fcategories&post=3977"},{"taxonomy":"post_tag","embeddable":true,"href":"https:\/\/provinciadigital.com.ar\/index.php?rest_route=%2Fwp%2Fv2%2Ftags&post=3977"}],"curies":[{"name":"wp","href":"https:\/\/api.w.org\/{rel}","templated":true}]}}