{"id":4060,"date":"2024-03-14T12:06:17","date_gmt":"2024-03-14T12:06:17","guid":{"rendered":"https:\/\/provinciadigital.com.ar\/?p=4060"},"modified":"2024-03-14T12:06:18","modified_gmt":"2024-03-14T12:06:18","slug":"continua-la-alerta-por-tormentas-en-el-conurbano-y-norte-del-bonaerense-hasta-cuando-llueve","status":"publish","type":"post","link":"https:\/\/provinciadigital.com.ar\/?p=4060","title":{"rendered":"Contin\u00faa la alerta por tormentas en el conurbano y norte del bonaerense: hasta cu\u00e1ndo llueve"},"content":{"rendered":"\n<p>El Servicio Meteorol\u00f3gico Nacional (SMN) emiti\u00f3 una alerta naranja y otra amarilla para este jueves 14 de marzo por fuertes tormentas, ca\u00edda de granizo y vientos en varias localidades de la provincia de Buenos Aires. Estas rigen para los posibles fen\u00f3menos meteorol\u00f3gicos con capacidad de da\u00f1o y que produzcan riesgo de interrupci\u00f3n moment\u00e1nea de actividades cotidianas.<\/p>\n\n\n\n<p>En ese sentido, la alerta naranja que regir\u00e1 durante el jueves 14 de marzo, trae lluvias y tormentas, algunas localmente fuertes o severas. Las mismas estar\u00e1n acompa\u00f1adas por fuerte actividad el\u00e9ctrica, ca\u00edda de granizo, r\u00e1fagas intensas, y fundamentalmente abundante ca\u00edda de agua en cortos per\u00edodos.<\/p>\n\n\n\n<p>Asimismo, desde el SMN estiman valores de precipitaci\u00f3n acumulada entre 40 y 80 mm, pudiendo ser superados en forma puntual. Se mantiene el alerta de nivel naranja debido a las abundantes precipitaciones registradas en los \u00faltimos d\u00edas en la regi\u00f3n. Estos fen\u00f3menos pueden llevarse a cabo durante la ma\u00f1ana este jueves.<\/p>\n\n\n\n<p>A su vez, en gran parte de la provincia de Buenos Aires tambi\u00e9n hay una alerta amarilla tambi\u00e9n por tormentas, algunas localmente fuertes. Se estiman valores de precipitaci\u00f3n acumulada entre 30 y 70 mm, pudiendo ser superados de forma puntual. Los tormentas comenzar\u00e1n desde lama\u00f1ana y tarde de este jueves.<\/p>\n","protected":false},"excerpt":{"rendered":"<p>El Servicio Meteorol\u00f3gico Nacional (SMN) emiti\u00f3 una alerta naranja y otra amarilla para este jueves 14 de marzo por fuertes tormentas, ca\u00edda de granizo y vientos en varias localidades de la provincia de Buenos Aires. Estas rigen para los posibles fen\u00f3menos meteorol\u00f3gicos con capacidad de da\u00f1o y que produzcan riesgo de interrupci\u00f3n moment\u00e1nea de actividades [&hellip;]<\/p>\n","protected":false},"author":1,"featured_media":4061,"comment_status":"open","ping_status":"open","sticky":false,"template":"","format":"standard","meta":{"footnotes":""},"categories":[20],"tags":[],"class_list":{"0":"post-4060","1":"post","2":"type-post","3":"status-publish","4":"format-standard","5":"has-post-thumbnail","7":"category-provincia"},"_links":{"self":[{"href":"https:\/\/provinciadigital.com.ar\/index.php?rest_route=\/wp\/v2\/posts\/4060","targetHints":{"allow":["GET"]}}],"collection":[{"href":"https:\/\/provinciadigital.com.ar\/index.php?rest_route=\/wp\/v2\/posts"}],"about":[{"href":"https:\/\/provinciadigital.com.ar\/index.php?rest_route=\/wp\/v2\/types\/post"}],"author":[{"embeddable":true,"href":"https:\/\/provinciadigital.com.ar\/index.php?rest_route=\/wp\/v2\/users\/1"}],"replies":[{"embeddable":true,"href":"https:\/\/provinciadigital.com.ar\/index.php?rest_route=%2Fwp%2Fv2%2Fcomments&post=4060"}],"version-history":[{"count":1,"href":"https:\/\/provinciadigital.com.ar\/index.php?rest_route=\/wp\/v2\/posts\/4060\/revisions"}],"predecessor-version":[{"id":4062,"href":"https:\/\/provinciadigital.com.ar\/index.php?rest_route=\/wp\/v2\/posts\/4060\/revisions\/4062"}],"wp:featuredmedia":[{"embeddable":true,"href":"https:\/\/provinciadigital.com.ar\/index.php?rest_route=\/wp\/v2\/media\/4061"}],"wp:attachment":[{"href":"https:\/\/provinciadigital.com.ar\/index.php?rest_route=%2Fwp%2Fv2%2Fmedia&parent=4060"}],"wp:term":[{"taxonomy":"category","embeddable":true,"href":"https:\/\/provinciadigital.com.ar\/index.php?rest_route=%2Fwp%2Fv2%2Fcategories&post=4060"},{"taxonomy":"post_tag","embeddable":true,"href":"https:\/\/provinciadigital.com.ar\/index.php?rest_route=%2Fwp%2Fv2%2Ftags&post=4060"}],"curies":[{"name":"wp","href":"https:\/\/api.w.org\/{rel}","templated":true}]}}