{"id":4109,"date":"2024-03-25T12:37:22","date_gmt":"2024-03-25T12:37:22","guid":{"rendered":"https:\/\/provinciadigital.com.ar\/?p=4109"},"modified":"2024-03-25T12:37:23","modified_gmt":"2024-03-25T12:37:23","slug":"san-fernando-recordo-a-los-desaparecidos-a-48-anos-del-golpe-civico-militar","status":"publish","type":"post","link":"https:\/\/provinciadigital.com.ar\/?p=4109","title":{"rendered":"San Fernando record\u00f3 a los desaparecidos a 48 a\u00f1os del golpe c\u00edvico militar"},"content":{"rendered":"\n<p>Con un emotivo acto que se realiz\u00f3 en la plaza Mitre, con la presencia de familiares de sanfernandinos desaparecidos durante la dictadura, San Fernando instal\u00f3 una placa alusiva para recordarlos. Participaron el Presidente del Honorable Concejo Deliberante, Santiago R\u00edos; secretarios municipales, concejales y consejeros escolares.<\/p>\n\n\n\n<p>Al respecto, Cristina Maderna, Directora de Derechos Humanos y Cultos del Municipio, dijo: &#8220;Estoy muy emocionada, como toda la semana porque lo que m\u00e1s deseaba es que toda la comunidad participe de este acto. La placa que colocamos tiene el significado de Memoria, Verdad y Justicia, para que las pr\u00f3ximas generaciones tomen la posta y sigan reclamando, vamos a seguir con la memoria que nos llevar\u00e1 a ser un pa\u00eds mejor&#8221;.<\/p>\n\n\n\n<p>Cabe destacar que estuvieron presentes los familiares de los vecinos sanfernandinos desaparecidos Jorge Luis Moltrasio, Jos\u00e9 Mar\u00eda Graziuso, Mar\u00eda Elena Prado, Guillermo Parejo, Luis Alberto Segovia y Mauricio Villalba.<\/p>\n","protected":false},"excerpt":{"rendered":"<p>Con un emotivo acto que se realiz\u00f3 en la plaza Mitre, con la presencia de familiares de sanfernandinos desaparecidos durante la dictadura, San Fernando instal\u00f3 una placa alusiva para recordarlos. Participaron el Presidente del Honorable Concejo Deliberante, Santiago R\u00edos; secretarios municipales, concejales y consejeros escolares. Al respecto, Cristina Maderna, Directora de Derechos Humanos y Cultos [&hellip;]<\/p>\n","protected":false},"author":1,"featured_media":4110,"comment_status":"open","ping_status":"open","sticky":false,"template":"","format":"standard","meta":{"footnotes":""},"categories":[116],"tags":[],"class_list":{"0":"post-4109","1":"post","2":"type-post","3":"status-publish","4":"format-standard","5":"has-post-thumbnail","7":"category-san-fernando"},"_links":{"self":[{"href":"https:\/\/provinciadigital.com.ar\/index.php?rest_route=\/wp\/v2\/posts\/4109","targetHints":{"allow":["GET"]}}],"collection":[{"href":"https:\/\/provinciadigital.com.ar\/index.php?rest_route=\/wp\/v2\/posts"}],"about":[{"href":"https:\/\/provinciadigital.com.ar\/index.php?rest_route=\/wp\/v2\/types\/post"}],"author":[{"embeddable":true,"href":"https:\/\/provinciadigital.com.ar\/index.php?rest_route=\/wp\/v2\/users\/1"}],"replies":[{"embeddable":true,"href":"https:\/\/provinciadigital.com.ar\/index.php?rest_route=%2Fwp%2Fv2%2Fcomments&post=4109"}],"version-history":[{"count":1,"href":"https:\/\/provinciadigital.com.ar\/index.php?rest_route=\/wp\/v2\/posts\/4109\/revisions"}],"predecessor-version":[{"id":4111,"href":"https:\/\/provinciadigital.com.ar\/index.php?rest_route=\/wp\/v2\/posts\/4109\/revisions\/4111"}],"wp:featuredmedia":[{"embeddable":true,"href":"https:\/\/provinciadigital.com.ar\/index.php?rest_route=\/wp\/v2\/media\/4110"}],"wp:attachment":[{"href":"https:\/\/provinciadigital.com.ar\/index.php?rest_route=%2Fwp%2Fv2%2Fmedia&parent=4109"}],"wp:term":[{"taxonomy":"category","embeddable":true,"href":"https:\/\/provinciadigital.com.ar\/index.php?rest_route=%2Fwp%2Fv2%2Fcategories&post=4109"},{"taxonomy":"post_tag","embeddable":true,"href":"https:\/\/provinciadigital.com.ar\/index.php?rest_route=%2Fwp%2Fv2%2Ftags&post=4109"}],"curies":[{"name":"wp","href":"https:\/\/api.w.org\/{rel}","templated":true}]}}