{"id":4112,"date":"2024-03-25T12:38:50","date_gmt":"2024-03-25T12:38:50","guid":{"rendered":"https:\/\/provinciadigital.com.ar\/?p=4112"},"modified":"2024-03-25T12:38:51","modified_gmt":"2024-03-25T12:38:51","slug":"victoria-villarruel-cruzo-a-estela-de-carlotto-a-vos-no-te-voto-nadie","status":"publish","type":"post","link":"https:\/\/provinciadigital.com.ar\/?p=4112","title":{"rendered":"Victoria Villarruel cruz\u00f3 a Estela de Carlotto: &#8220;A vos no te vot\u00f3 nadie&#8221;"},"content":{"rendered":"\n<p>&#8220;Carlotto, a vos no te vot\u00f3 nadie, vot\u00f3 a Javier Milei. Respet\u00e1 al pueblo argentino que les dijo no a ustedes tambi\u00e9n&#8221;, contest\u00f3, por su parte, Villarruel, que cerr\u00f3 con el hashtag &#8220;#NoFueron30000, lanz\u00f3 Villarruel desde su cuenta de X.<\/p>\n\n\n\n<p>&#8220;Las constantes provocaciones del gobierno de Milei y Villarruel violan todos los pactos internacionales que tienen rango inconstitucional&#8221;, hab\u00eda esbozado de Carlotto en su intervenci\u00f3n por el acto del D\u00eda de la Memoria.<\/p>\n\n\n\n<p>En el inicio de la lectura, tambi\u00e9n indic\u00f3 que la participaci\u00f3n de las fuerzas armadas en Rosario, Santa Fe, por la escala de violencia narco, es &#8220;contraria a su rol y pone en riesgo los derechos humanos de todos&#8221;. Un punto contacto con la visi\u00f3n de Villarruel, que la semana pasada de manifest\u00f3 contra la acci\u00f3n tomada por la ministra Patricia Bullrich y el ministro Luis Petri de enviar militares a Rosario.<\/p>\n\n\n\n<p>En otra l\u00ednea, Carlotto asegur\u00f3 que los &#8220;principales civiles del terrorismo de Estado contin\u00faan, en su mayor\u00eda, impunes&#8221;.<\/p>\n\n\n\n<p>&#8220;Son el poder econ\u00f3mico y empresarial del poder econ\u00f3mico. Para ellos tambi\u00e9n exigimos juicio y castigo \u00a1ya!&#8221;, resalt\u00f3.<\/p>\n\n\n\n<p>Adem\u00e1s, a\u00f1adi\u00f3: &#8220;Seguimos reclamando y pregun<\/p>\n","protected":false},"excerpt":{"rendered":"<p>&#8220;Carlotto, a vos no te vot\u00f3 nadie, vot\u00f3 a Javier Milei. Respet\u00e1 al pueblo argentino que les dijo no a ustedes tambi\u00e9n&#8221;, contest\u00f3, por su parte, Villarruel, que cerr\u00f3 con el hashtag &#8220;#NoFueron30000, lanz\u00f3 Villarruel desde su cuenta de X. &#8220;Las constantes provocaciones del gobierno de Milei y Villarruel violan todos los pactos internacionales que [&hellip;]<\/p>\n","protected":false},"author":1,"featured_media":4113,"comment_status":"open","ping_status":"open","sticky":false,"template":"","format":"standard","meta":{"footnotes":""},"categories":[129],"tags":[],"class_list":{"0":"post-4112","1":"post","2":"type-post","3":"status-publish","4":"format-standard","5":"has-post-thumbnail","7":"category-nacionales"},"_links":{"self":[{"href":"https:\/\/provinciadigital.com.ar\/index.php?rest_route=\/wp\/v2\/posts\/4112","targetHints":{"allow":["GET"]}}],"collection":[{"href":"https:\/\/provinciadigital.com.ar\/index.php?rest_route=\/wp\/v2\/posts"}],"about":[{"href":"https:\/\/provinciadigital.com.ar\/index.php?rest_route=\/wp\/v2\/types\/post"}],"author":[{"embeddable":true,"href":"https:\/\/provinciadigital.com.ar\/index.php?rest_route=\/wp\/v2\/users\/1"}],"replies":[{"embeddable":true,"href":"https:\/\/provinciadigital.com.ar\/index.php?rest_route=%2Fwp%2Fv2%2Fcomments&post=4112"}],"version-history":[{"count":1,"href":"https:\/\/provinciadigital.com.ar\/index.php?rest_route=\/wp\/v2\/posts\/4112\/revisions"}],"predecessor-version":[{"id":4114,"href":"https:\/\/provinciadigital.com.ar\/index.php?rest_route=\/wp\/v2\/posts\/4112\/revisions\/4114"}],"wp:featuredmedia":[{"embeddable":true,"href":"https:\/\/provinciadigital.com.ar\/index.php?rest_route=\/wp\/v2\/media\/4113"}],"wp:attachment":[{"href":"https:\/\/provinciadigital.com.ar\/index.php?rest_route=%2Fwp%2Fv2%2Fmedia&parent=4112"}],"wp:term":[{"taxonomy":"category","embeddable":true,"href":"https:\/\/provinciadigital.com.ar\/index.php?rest_route=%2Fwp%2Fv2%2Fcategories&post=4112"},{"taxonomy":"post_tag","embeddable":true,"href":"https:\/\/provinciadigital.com.ar\/index.php?rest_route=%2Fwp%2Fv2%2Ftags&post=4112"}],"curies":[{"name":"wp","href":"https:\/\/api.w.org\/{rel}","templated":true}]}}