{"id":4176,"date":"2024-04-10T12:06:04","date_gmt":"2024-04-10T12:06:04","guid":{"rendered":"https:\/\/provinciadigital.com.ar\/?p=4176"},"modified":"2024-04-10T12:06:05","modified_gmt":"2024-04-10T12:06:05","slug":"el-gobierno-envio-a-las-provincias-y-al-congrego-la-nueva-ley-de-bases","status":"publish","type":"post","link":"https:\/\/provinciadigital.com.ar\/?p=4176","title":{"rendered":"El Gobierno envi\u00f3 a las provincias y al Congrego la nueva Ley de Bases"},"content":{"rendered":"\n<p>La segunda versi\u00f3n de la ley \u00f3mnibus fue recibida por los legisladores de los bloques dialoguistas, con quienes el oficialismo busca acordar antes de llegar a las instancia de debate oficial.<\/p>\n\n\n\n<p>El texto, que finalmente cuenta con 279 art\u00edculos, es mucho m\u00e1s t\u00e9cnico que el primero y ser\u00e1 presentado en la comisi\u00f3n de Diputados como el nuevo dictamen de Ley de Bases original, que todav\u00eda tiene estado parlamentario.<\/p>\n\n\n\n<p>En Casa Rosada trabajaron en su redacci\u00f3n con intensidad durante toda la jornada y cerca de las 21.30 se conoci\u00f3 la versi\u00f3n que ser\u00e1 debatida en el Parlamento, a la que tuvo acceso Noticias Argentinas.<\/p>\n\n\n\n<p>En el primer art\u00edculo, el proyecto declara la &#8220;emergencia p\u00fablica en materia administrativa, econ\u00f3mica, financiera y energ\u00e9tica por el plazo de un (1) a\u00f1o&#8221;.<\/p>\n\n\n\n<p>&#8220;Del\u00e9ganse en el Poder Ejecutivo nacional las facultades dispuestas por la presente ley, vinculadas a materias determinadas de administraci\u00f3n y de emergencia, en los t\u00e9rminos del art\u00edculo 76 de la Constituci\u00f3n Nacional, con arreglo a las bases aqu\u00ed establecidas y por el plazo dispuesto en el p\u00e1rrafo precedente.<\/p>\n\n\n\n<p>El Poder Ejecutivo nacional informar\u00e1 mensualmente y en forma detallada al Honorable Congreso de la Naci\u00f3n acerca del ejercicio de las facultades delegadas y los resultados obtenidos&#8221;, indica el texto.<\/p>\n\n\n\n<p>Este punto es uno de los principales cambios en relaci\u00f3n a la Ley de Bases original, ya que se redujeron las emergencias y tampoco hay posibilidad de pr\u00f3rrogas.<\/p>\n\n\n\n<p>Esta segunda versi\u00f3n tambi\u00e9n faculta al Poder Ejecutivo &#8220;a modificar, transformar, unificar, disolver, liquidar o cancelar los fondos fiduciarios p\u00fablicos, en los casos en los que no fuera posible hacerlo conforme los procedimientos establecidos en sus normas de creaci\u00f3n&#8221;.<\/p>\n\n\n\n<p>Para continuar con el plan de recortes, el proyecto encomienda al PEN &#8220;a llevar adelante las privatizaciones&#8221; de las empresas p\u00fablicas y tambi\u00e9n habla de la disminuci\u00f3n de la planta de empleados p\u00fablicos.<\/p>\n\n\n\n<p>&#8220;El personal alcanzado por el r\u00e9gimen de estabilidad que resulte afectado por las medidas de reestructuraci\u00f3n que comporten la supresi\u00f3n de \u00f3rganos, organismos o de las funciones a ellos asignadas, quedar\u00e1, autom\u00e1ticamente, en situaci\u00f3n de disponibilidad por un periodo m\u00e1ximo de hasta doce (12) meses&#8221;, se\u00f1ala el texto.<\/p>\n\n\n\n<p>La reforma Laboral que plantea la ley es menos ambiciosa que la anterior, incluye cuestiones vinculadas al blanqueo y moratoria para aquellas empresas que regularicen la situaci\u00f3n laboral de sus trabajadores.<\/p>\n\n\n\n<p>A su vez, promueve extinciones penales, condonaci\u00f3n de deuda y la baja del Registro de Empleadores con Sanciones Laborales.<\/p>\n\n\n\n<p>Otro de los puntos de la ley habla del Fondo de Garant\u00eda de Sustentabilidad del Sistema Integrado Previsional Argentino (FGS) y permite que sea invertido &#8220;de acuerdo con criterios de seguridad y rentabilidad adecuados, respetando los lineamientos fijados por esta ley y las normas reglamentarias, de acuerdo con lo establecido en el art\u00edculo 8 de la Ley No. 26.425&#8221;.<\/p>\n\n\n\n<p>Los 279 art\u00edculos se ocupan en su mayor\u00eda con cap\u00edtulos referidos a la desregulaci\u00f3n econ\u00f3mica, el nuevo Tribunal de Defensa de la Competencia y la Agencia de Mercados y Competencia.<\/p>\n\n\n\n<p>Adem\u00e1s, otro tramo importante se lo llevan las modificaciones a la ley de Hidrocarburos y cuestiones referidas al gas, como la autorizaci\u00f3n de &#8220;las importaciones de gas natural sin necesidad de aprobaci\u00f3n previa&#8221;.<\/p>\n\n\n\n<p>En ese cap\u00edtulo, se crea &#8220;el Ente Nacional Regulador del Gas y la Electricidad el que, una vez constituido, reemplazar\u00e1 y asumir\u00e1 las funciones del Ente Nacional Regulador de la Electricidad (ENRE), creado por el art\u00edculo 54 de la Ley N\u00b0 24.065, y el Ente Nacional Regulador del Gas (ENARGAS), creado por el art\u00edculo 50 de la Ley N\u00b0 24.076&#8221;.<\/p>\n\n\n\n<p>A nivel previsional, se elimina la \u00faltima moratoria jubilatoria para quienes debieran aportes.&nbsp;<\/p>\n","protected":false},"excerpt":{"rendered":"<p>La segunda versi\u00f3n de la ley \u00f3mnibus fue recibida por los legisladores de los bloques dialoguistas, con quienes el oficialismo busca acordar antes de llegar a las instancia de debate oficial. El texto, que finalmente cuenta con 279 art\u00edculos, es mucho m\u00e1s t\u00e9cnico que el primero y ser\u00e1 presentado en la comisi\u00f3n de Diputados como [&hellip;]<\/p>\n","protected":false},"author":1,"featured_media":4177,"comment_status":"open","ping_status":"open","sticky":false,"template":"","format":"standard","meta":{"footnotes":""},"categories":[129],"tags":[],"class_list":{"0":"post-4176","1":"post","2":"type-post","3":"status-publish","4":"format-standard","5":"has-post-thumbnail","7":"category-nacionales"},"_links":{"self":[{"href":"https:\/\/provinciadigital.com.ar\/index.php?rest_route=\/wp\/v2\/posts\/4176","targetHints":{"allow":["GET"]}}],"collection":[{"href":"https:\/\/provinciadigital.com.ar\/index.php?rest_route=\/wp\/v2\/posts"}],"about":[{"href":"https:\/\/provinciadigital.com.ar\/index.php?rest_route=\/wp\/v2\/types\/post"}],"author":[{"embeddable":true,"href":"https:\/\/provinciadigital.com.ar\/index.php?rest_route=\/wp\/v2\/users\/1"}],"replies":[{"embeddable":true,"href":"https:\/\/provinciadigital.com.ar\/index.php?rest_route=%2Fwp%2Fv2%2Fcomments&post=4176"}],"version-history":[{"count":1,"href":"https:\/\/provinciadigital.com.ar\/index.php?rest_route=\/wp\/v2\/posts\/4176\/revisions"}],"predecessor-version":[{"id":4178,"href":"https:\/\/provinciadigital.com.ar\/index.php?rest_route=\/wp\/v2\/posts\/4176\/revisions\/4178"}],"wp:featuredmedia":[{"embeddable":true,"href":"https:\/\/provinciadigital.com.ar\/index.php?rest_route=\/wp\/v2\/media\/4177"}],"wp:attachment":[{"href":"https:\/\/provinciadigital.com.ar\/index.php?rest_route=%2Fwp%2Fv2%2Fmedia&parent=4176"}],"wp:term":[{"taxonomy":"category","embeddable":true,"href":"https:\/\/provinciadigital.com.ar\/index.php?rest_route=%2Fwp%2Fv2%2Fcategories&post=4176"},{"taxonomy":"post_tag","embeddable":true,"href":"https:\/\/provinciadigital.com.ar\/index.php?rest_route=%2Fwp%2Fv2%2Ftags&post=4176"}],"curies":[{"name":"wp","href":"https:\/\/api.w.org\/{rel}","templated":true}]}}