{"id":4179,"date":"2024-04-10T16:28:28","date_gmt":"2024-04-10T16:28:28","guid":{"rendered":"https:\/\/provinciadigital.com.ar\/?p=4179"},"modified":"2024-04-10T16:28:29","modified_gmt":"2024-04-10T16:28:29","slug":"tigre-contra-los-aumentos-de-arba-el-pro-la-ucr-y-la-libertad-avanza-impusieron-su-mayoria-para-rechazar-el-aumento-de-kicillof","status":"publish","type":"post","link":"https:\/\/provinciadigital.com.ar\/?p=4179","title":{"rendered":"TIGRE CONTRA LOS AUMENTOS DE ARBA: EL PRO, LA UCR Y LA LIBERTAD AVANZA IMPUSIERON SU MAYORIA PARA RECHAZAR EL AUMENTO DE KICILLOF"},"content":{"rendered":"\n<p>Los bloques opositores de Tigre avanzaron en la articulaci\u00f3n de iniciativas conjuntas y lograron que el Concejo Deliberante apruebe el rechazo a los aumentos de los impuestos inmobiliarios y automotor que impuls\u00f3 la gesti\u00f3n de Axel Kicillof en ARBA.<\/p>\n\n\n\n<p>\u201cKicillof aumenta impuestos sin recortar absolutamente ning\u00fan gasto de la pol\u00edtica. En Tigre el repudio al aumento de impuestos provinciales es generalizado, dijo Segundo Cernadas, concejal del PRO y l\u00edder de Juntos.<\/p>\n\n\n\n<p>Desde La Libertad Avanza sostuvieron que \u201ceste proyecto, que aprobamos por mayor\u00eda, no hace m\u00e1s que defender los intereses de los vecinos al mismo tiempo que otorga una herramienta fundamental para que el Ejecutivo municipal tome la posta y pueda defender a los mismos ante los abusos de la provincia\u201d sostuvo Diego Avancini.<\/p>\n\n\n\n<p>En Tigre casi 80.000 vecinos firmaron un pedido en la plataforma change.com para solicitar la marcha atr\u00e1s del aumento y la vuelta de los descuentos por boleta electr\u00f3nica y pago en t\u00e9rmino. Ese petitorio motiv\u00f3 la presentaci\u00f3n de la concejal Sof\u00eda Bravo y la articulaci\u00f3n conjunta entre Juntos y LLA para rechazar la iniciativa del gobernador Axel Kicillof.<\/p>\n\n\n\n<p>\u201cEsperamos una respuesta de la provincia. No estamos dispuestos a pagarle la guarida a los kirchneristas con impuestos de los vecinos\u201d dijo la concejal Ximena Pereyra al t\u00e9rmino de la reuni\u00f3n en Tigre.<\/p>\n","protected":false},"excerpt":{"rendered":"<p>Los bloques opositores de Tigre avanzaron en la articulaci\u00f3n de iniciativas conjuntas y lograron que el Concejo Deliberante apruebe el rechazo a los aumentos de los impuestos inmobiliarios y automotor que impuls\u00f3 la gesti\u00f3n de Axel Kicillof en ARBA. \u201cKicillof aumenta impuestos sin recortar absolutamente ning\u00fan gasto de la pol\u00edtica. En Tigre el repudio al [&hellip;]<\/p>\n","protected":false},"author":1,"featured_media":4180,"comment_status":"open","ping_status":"open","sticky":false,"template":"","format":"standard","meta":{"footnotes":""},"categories":[115],"tags":[],"class_list":{"0":"post-4179","1":"post","2":"type-post","3":"status-publish","4":"format-standard","5":"has-post-thumbnail","7":"category-tigre"},"_links":{"self":[{"href":"https:\/\/provinciadigital.com.ar\/index.php?rest_route=\/wp\/v2\/posts\/4179","targetHints":{"allow":["GET"]}}],"collection":[{"href":"https:\/\/provinciadigital.com.ar\/index.php?rest_route=\/wp\/v2\/posts"}],"about":[{"href":"https:\/\/provinciadigital.com.ar\/index.php?rest_route=\/wp\/v2\/types\/post"}],"author":[{"embeddable":true,"href":"https:\/\/provinciadigital.com.ar\/index.php?rest_route=\/wp\/v2\/users\/1"}],"replies":[{"embeddable":true,"href":"https:\/\/provinciadigital.com.ar\/index.php?rest_route=%2Fwp%2Fv2%2Fcomments&post=4179"}],"version-history":[{"count":1,"href":"https:\/\/provinciadigital.com.ar\/index.php?rest_route=\/wp\/v2\/posts\/4179\/revisions"}],"predecessor-version":[{"id":4181,"href":"https:\/\/provinciadigital.com.ar\/index.php?rest_route=\/wp\/v2\/posts\/4179\/revisions\/4181"}],"wp:featuredmedia":[{"embeddable":true,"href":"https:\/\/provinciadigital.com.ar\/index.php?rest_route=\/wp\/v2\/media\/4180"}],"wp:attachment":[{"href":"https:\/\/provinciadigital.com.ar\/index.php?rest_route=%2Fwp%2Fv2%2Fmedia&parent=4179"}],"wp:term":[{"taxonomy":"category","embeddable":true,"href":"https:\/\/provinciadigital.com.ar\/index.php?rest_route=%2Fwp%2Fv2%2Fcategories&post=4179"},{"taxonomy":"post_tag","embeddable":true,"href":"https:\/\/provinciadigital.com.ar\/index.php?rest_route=%2Fwp%2Fv2%2Ftags&post=4179"}],"curies":[{"name":"wp","href":"https:\/\/api.w.org\/{rel}","templated":true}]}}