{"id":4183,"date":"2024-04-11T12:06:07","date_gmt":"2024-04-11T12:06:07","guid":{"rendered":"https:\/\/provinciadigital.com.ar\/?p=4183"},"modified":"2024-04-11T12:06:09","modified_gmt":"2024-04-11T12:06:09","slug":"achaval-puso-en-marcha-en-pilar-el-programa-termina-la-escuela","status":"publish","type":"post","link":"https:\/\/provinciadigital.com.ar\/?p=4183","title":{"rendered":"Ach\u00e1val puso en marcha en Pilar el programa &#8220;Termin\u00e1 la Escuela&#8221;"},"content":{"rendered":"\n<p>Junto a los docentes, Ach\u00e1val se\u00f1al\u00f3: &#8220;Es una gran alegr\u00eda lanzar el programa Termin\u00e1 la Escuela, que demuestra lo importante que es la educaci\u00f3n como pol\u00edtica p\u00fablica para generar oportunidades. Vamos a seguir acompa\u00f1ando el trayecto educativo de nuestra comunidad y a tenderles una mano a quienes lo necesiten para que puedan terminar la escuela&#8221;.<\/p>\n\n\n\n<p>Asimismo, Urquiza expres\u00f3: &#8220;El intendente puso a la educaci\u00f3n en el centro. Este programa nos reafirma que Pilar se ha convertido en un municipio educador, con un Estado presente en la vida de los pilarenses&#8221;.<\/p>\n\n\n\n<p>Termin\u00e1 la escuela cuenta con tres instancias: una para quienes necesiten concluir sus estudios primarios; otra para quienes deseen terminar la secundaria, y una instancia para quienes deban materias. Con esto se busca fortalecer los programas de terminalidad y reinserci\u00f3n escolar acompa\u00f1ando a los vecinos. Adem\u00e1s, se sostendr\u00e1 la inscripci\u00f3n abierta durante todo el a\u00f1o.<\/p>\n\n\n\n<p>Tambi\u00e9n estuvo presente el secretario de Educaci\u00f3n, Dami\u00e1n Esp\u00edndola; entre otros funcionarios, autoridades educativas y docentes. &#8220;Entendemos la importancia de la educaci\u00f3n a nivel regional, porque nos ayuda a plantear un mejor futuro para nuestra comunidad&#8221;, cerr\u00f3 Ach\u00e1val.<\/p>\n","protected":false},"excerpt":{"rendered":"<p>Junto a los docentes, Ach\u00e1val se\u00f1al\u00f3: &#8220;Es una gran alegr\u00eda lanzar el programa Termin\u00e1 la Escuela, que demuestra lo importante que es la educaci\u00f3n como pol\u00edtica p\u00fablica para generar oportunidades. Vamos a seguir acompa\u00f1ando el trayecto educativo de nuestra comunidad y a tenderles una mano a quienes lo necesiten para que puedan terminar la escuela&#8221;. [&hellip;]<\/p>\n","protected":false},"author":1,"featured_media":4184,"comment_status":"open","ping_status":"open","sticky":false,"template":"","format":"standard","meta":{"footnotes":""},"categories":[21],"tags":[],"class_list":{"0":"post-4183","1":"post","2":"type-post","3":"status-publish","4":"format-standard","5":"has-post-thumbnail","7":"category-municipio"},"_links":{"self":[{"href":"https:\/\/provinciadigital.com.ar\/index.php?rest_route=\/wp\/v2\/posts\/4183","targetHints":{"allow":["GET"]}}],"collection":[{"href":"https:\/\/provinciadigital.com.ar\/index.php?rest_route=\/wp\/v2\/posts"}],"about":[{"href":"https:\/\/provinciadigital.com.ar\/index.php?rest_route=\/wp\/v2\/types\/post"}],"author":[{"embeddable":true,"href":"https:\/\/provinciadigital.com.ar\/index.php?rest_route=\/wp\/v2\/users\/1"}],"replies":[{"embeddable":true,"href":"https:\/\/provinciadigital.com.ar\/index.php?rest_route=%2Fwp%2Fv2%2Fcomments&post=4183"}],"version-history":[{"count":1,"href":"https:\/\/provinciadigital.com.ar\/index.php?rest_route=\/wp\/v2\/posts\/4183\/revisions"}],"predecessor-version":[{"id":4185,"href":"https:\/\/provinciadigital.com.ar\/index.php?rest_route=\/wp\/v2\/posts\/4183\/revisions\/4185"}],"wp:featuredmedia":[{"embeddable":true,"href":"https:\/\/provinciadigital.com.ar\/index.php?rest_route=\/wp\/v2\/media\/4184"}],"wp:attachment":[{"href":"https:\/\/provinciadigital.com.ar\/index.php?rest_route=%2Fwp%2Fv2%2Fmedia&parent=4183"}],"wp:term":[{"taxonomy":"category","embeddable":true,"href":"https:\/\/provinciadigital.com.ar\/index.php?rest_route=%2Fwp%2Fv2%2Fcategories&post=4183"},{"taxonomy":"post_tag","embeddable":true,"href":"https:\/\/provinciadigital.com.ar\/index.php?rest_route=%2Fwp%2Fv2%2Ftags&post=4183"}],"curies":[{"name":"wp","href":"https:\/\/api.w.org\/{rel}","templated":true}]}}