{"id":4189,"date":"2024-04-12T13:02:20","date_gmt":"2024-04-12T13:02:20","guid":{"rendered":"https:\/\/provinciadigital.com.ar\/?p=4189"},"modified":"2024-04-12T13:02:22","modified_gmt":"2024-04-12T13:02:22","slug":"la-cgt-confirmo-su-segundo-paro-general-contra-milei-para-el-9-de-mayo","status":"publish","type":"post","link":"https:\/\/provinciadigital.com.ar\/?p=4189","title":{"rendered":"La CGT confirm\u00f3 su segundo paro general contra Milei para el 9 de mayo"},"content":{"rendered":"\n<p>As\u00ed se decidi\u00f3 durante la reuni\u00f3n del Consejo Directivo, un d\u00eda despu\u00e9s del extenso encuentro que los dirigentes de la central mantuvieron en Casa Rosada.<\/p>\n\n\n\n<p>En la sede de Azopardo al 800 tambi\u00e9n se decidi\u00f3 que el 1 de mayo, en el D\u00eda del Trabajador, se llevar\u00e1 a cabo una gran movilizaci\u00f3n a Playa de Mayo.<\/p>\n\n\n\n<p>Las medidas de fuerza se realizar\u00e1n en protesta por las medidas econ\u00f3micas aplicadas por el Gobierno nacional, que impactaron directamente contra los salarios de los trabajadores.<\/p>\n\n\n\n<p>Dentro de la central hab\u00eda una discusi\u00f3n sobre la conveniencia de hacer otro paro y tambi\u00e9n sobre la fecha de realizaci\u00f3n, en caso de ponerse de acuerdo en la convocatoria.<\/p>\n\n\n\n<p>Si bien los sectores m\u00e1s combativos reclamaban una huelga lo m\u00e1s pronto posible, finalmente la fecha que se fij\u00f3 fue la del 9 mayo.<\/p>\n\n\n\n<p>Un paro con mes de anticipaci\u00f3n da tiempo para una eventual negociaci\u00f3n, aunque en la CGT no se esperan demasiadas se\u00f1ales de parte del gobierno.<\/p>\n\n\n\n<p>El encuentro de este mi\u00e9rcoles entre H\u00e9ctor Daer, Carlos Acu\u00f1a y Hugo Moyano con el jefe de Gabinete, Nicol\u00e1s Posse, y el ministro del Interior, Guillermo Francos, fue extenso y herm\u00e9tico, aunque trascendi\u00f3 que se dio en buenos t\u00e9rminos.<\/p>\n\n\n\n<p>No estuvo presente el secretario general de la CGT y adjunto de Camioneros, Pablo Moyano, quien reclamaba paro general lo m\u00e1s pronto posible.<\/p>\n\n\n\n<p>Seg\u00fan se supo, de parte del Gobierno no hubo pedidos para cancelar una eventual huelga.<\/p>\n\n\n\n<p>La delicada situaci\u00f3n de la econom\u00eda, los salarios deprimidos y la inflaci\u00f3n, hicieron que la balanza se inclinar\u00e1 este jueves a favor de una nueva medida nacional.<\/p>\n\n\n\n<p>Ser\u00e1 la segunda en lo que va del a\u00f1o y la gesti\u00f3n del libertario, que se encuentra por estas horas de gira por los Estados Unidos.&nbsp;<\/p>\n","protected":false},"excerpt":{"rendered":"<p>As\u00ed se decidi\u00f3 durante la reuni\u00f3n del Consejo Directivo, un d\u00eda despu\u00e9s del extenso encuentro que los dirigentes de la central mantuvieron en Casa Rosada. En la sede de Azopardo al 800 tambi\u00e9n se decidi\u00f3 que el 1 de mayo, en el D\u00eda del Trabajador, se llevar\u00e1 a cabo una gran movilizaci\u00f3n a Playa de [&hellip;]<\/p>\n","protected":false},"author":1,"featured_media":4190,"comment_status":"open","ping_status":"open","sticky":false,"template":"","format":"standard","meta":{"footnotes":""},"categories":[129],"tags":[],"class_list":{"0":"post-4189","1":"post","2":"type-post","3":"status-publish","4":"format-standard","5":"has-post-thumbnail","7":"category-nacionales"},"_links":{"self":[{"href":"https:\/\/provinciadigital.com.ar\/index.php?rest_route=\/wp\/v2\/posts\/4189","targetHints":{"allow":["GET"]}}],"collection":[{"href":"https:\/\/provinciadigital.com.ar\/index.php?rest_route=\/wp\/v2\/posts"}],"about":[{"href":"https:\/\/provinciadigital.com.ar\/index.php?rest_route=\/wp\/v2\/types\/post"}],"author":[{"embeddable":true,"href":"https:\/\/provinciadigital.com.ar\/index.php?rest_route=\/wp\/v2\/users\/1"}],"replies":[{"embeddable":true,"href":"https:\/\/provinciadigital.com.ar\/index.php?rest_route=%2Fwp%2Fv2%2Fcomments&post=4189"}],"version-history":[{"count":1,"href":"https:\/\/provinciadigital.com.ar\/index.php?rest_route=\/wp\/v2\/posts\/4189\/revisions"}],"predecessor-version":[{"id":4191,"href":"https:\/\/provinciadigital.com.ar\/index.php?rest_route=\/wp\/v2\/posts\/4189\/revisions\/4191"}],"wp:featuredmedia":[{"embeddable":true,"href":"https:\/\/provinciadigital.com.ar\/index.php?rest_route=\/wp\/v2\/media\/4190"}],"wp:attachment":[{"href":"https:\/\/provinciadigital.com.ar\/index.php?rest_route=%2Fwp%2Fv2%2Fmedia&parent=4189"}],"wp:term":[{"taxonomy":"category","embeddable":true,"href":"https:\/\/provinciadigital.com.ar\/index.php?rest_route=%2Fwp%2Fv2%2Fcategories&post=4189"},{"taxonomy":"post_tag","embeddable":true,"href":"https:\/\/provinciadigital.com.ar\/index.php?rest_route=%2Fwp%2Fv2%2Ftags&post=4189"}],"curies":[{"name":"wp","href":"https:\/\/api.w.org\/{rel}","templated":true}]}}