{"id":4192,"date":"2024-04-15T12:07:24","date_gmt":"2024-04-15T12:07:24","guid":{"rendered":"https:\/\/provinciadigital.com.ar\/?p=4192"},"modified":"2024-04-15T12:07:25","modified_gmt":"2024-04-15T12:07:25","slug":"en-benavidez-el-municipio-de-tigre-realizo-el-primer-encuentro-del-ano-del-programa-todas-las-infancias-tenemos-derechos","status":"publish","type":"post","link":"https:\/\/provinciadigital.com.ar\/?p=4192","title":{"rendered":"En Benav\u00eddez, el Municipio de Tigre realiz\u00f3 el primer encuentro del a\u00f1o del programa &#8220;Todas las Infancias tenemos Derechos&#8221;"},"content":{"rendered":"\n<p>En el Polo Educativo del barrio La Esperanza, en Benav\u00eddez, el Municipio de Tigre realiz\u00f3 el primer encuentro del a\u00f1o del programa &#8220;Todas las Infancias tenemos Derechos&#8221;. Autoridades locales acompa\u00f1aron la jornada, que cont\u00f3 con juegos y charlas orientadas a la promoci\u00f3n y concientizaci\u00f3n de derechos y prevenci\u00f3n de la violencia.<\/p>\n\n\n\n<p>&#8220;Este es un trabajo de concientizaci\u00f3n que se hace desde el Municipio a partir de una pol\u00edtica muy fuerte del intendente Julio Zamora para preservar los derechos de las y los ni\u00f1os. La idea es abordar de una manera integral, con la comunidad educativa y las organizaciones, problem\u00e1ticas como el bullying o las adicciones que requieren mucha atenci\u00f3n&#8221;, expres\u00f3 la concejala Gisela Zamora. Y agreg\u00f3: &#8220;Estamos por ese camino y seguiremos articulando con todas nuestras herramientas para que las y los vecinos sientan a Tigre como un distrito inclusivo, equitativo y sin violencia&#8221;.<\/p>\n\n\n\n<p>Durante la actividad &#8211; articulada de forma conjunta con el \u00e1rea de Inspecci\u00f3n Distrital de Escuelas de la Provincia de Buenos Aires &#8211; se trabajaron en acciones de cuidado mediante juegos tem\u00e1ticos, canciones y cerrando con una murga y marcha en el predio donde ni\u00f1os, ni\u00f1as y adolescentes fueron los protagonistas de las propuestas.<\/p>\n\n\n\n<p>Participaron del evento: las escuelas primarias N\u00b041 y N\u00b052; la Escuela de Educaci\u00f3n Secundaria N\u00b028; el Jard\u00edn 947; junto a la Red Entrelazarnos de Benavidez y con las organizaciones Casa Abierta a la Vida, Centro Educativo Buena Gente, Centro Barrial Crece, Ludoteca Madre Teresa; como tambi\u00e9n la Delegaci\u00f3n Municipal.<\/p>\n","protected":false},"excerpt":{"rendered":"<p>En el Polo Educativo del barrio La Esperanza, en Benav\u00eddez, el Municipio de Tigre realiz\u00f3 el primer encuentro del a\u00f1o del programa &#8220;Todas las Infancias tenemos Derechos&#8221;. Autoridades locales acompa\u00f1aron la jornada, que cont\u00f3 con juegos y charlas orientadas a la promoci\u00f3n y concientizaci\u00f3n de derechos y prevenci\u00f3n de la violencia. &#8220;Este es un trabajo [&hellip;]<\/p>\n","protected":false},"author":1,"featured_media":4193,"comment_status":"open","ping_status":"open","sticky":false,"template":"","format":"standard","meta":{"footnotes":""},"categories":[115],"tags":[],"class_list":{"0":"post-4192","1":"post","2":"type-post","3":"status-publish","4":"format-standard","5":"has-post-thumbnail","7":"category-tigre"},"_links":{"self":[{"href":"https:\/\/provinciadigital.com.ar\/index.php?rest_route=\/wp\/v2\/posts\/4192","targetHints":{"allow":["GET"]}}],"collection":[{"href":"https:\/\/provinciadigital.com.ar\/index.php?rest_route=\/wp\/v2\/posts"}],"about":[{"href":"https:\/\/provinciadigital.com.ar\/index.php?rest_route=\/wp\/v2\/types\/post"}],"author":[{"embeddable":true,"href":"https:\/\/provinciadigital.com.ar\/index.php?rest_route=\/wp\/v2\/users\/1"}],"replies":[{"embeddable":true,"href":"https:\/\/provinciadigital.com.ar\/index.php?rest_route=%2Fwp%2Fv2%2Fcomments&post=4192"}],"version-history":[{"count":1,"href":"https:\/\/provinciadigital.com.ar\/index.php?rest_route=\/wp\/v2\/posts\/4192\/revisions"}],"predecessor-version":[{"id":4194,"href":"https:\/\/provinciadigital.com.ar\/index.php?rest_route=\/wp\/v2\/posts\/4192\/revisions\/4194"}],"wp:featuredmedia":[{"embeddable":true,"href":"https:\/\/provinciadigital.com.ar\/index.php?rest_route=\/wp\/v2\/media\/4193"}],"wp:attachment":[{"href":"https:\/\/provinciadigital.com.ar\/index.php?rest_route=%2Fwp%2Fv2%2Fmedia&parent=4192"}],"wp:term":[{"taxonomy":"category","embeddable":true,"href":"https:\/\/provinciadigital.com.ar\/index.php?rest_route=%2Fwp%2Fv2%2Fcategories&post=4192"},{"taxonomy":"post_tag","embeddable":true,"href":"https:\/\/provinciadigital.com.ar\/index.php?rest_route=%2Fwp%2Fv2%2Ftags&post=4192"}],"curies":[{"name":"wp","href":"https:\/\/api.w.org\/{rel}","templated":true}]}}