{"id":4195,"date":"2024-04-15T12:10:06","date_gmt":"2024-04-15T12:10:06","guid":{"rendered":"https:\/\/provinciadigital.com.ar\/?p=4195"},"modified":"2024-04-15T12:10:09","modified_gmt":"2024-04-15T12:10:09","slug":"casi-toda-la-provincia-bajo-alerta-naranja-por-fuertes-tormentas-granizo-y-vientos","status":"publish","type":"post","link":"https:\/\/provinciadigital.com.ar\/?p=4195","title":{"rendered":"Casi toda la Provincia bajo alerta naranja por fuertes tormentas, granizo y vientos"},"content":{"rendered":"\n<p>El Servicio Meteorol\u00f3gico Nacional (SMN) emiti\u00f3 una alerta naranja y amarilla para este lunes 15 de abril por fuertes tormentas, ca\u00edda de granizo y vientos en varias localidades de la provincia de Buenos Aires. Estas rigen para los posibles fen\u00f3menos meteorol\u00f3gicos con capacidad de da\u00f1o y que produzcan riesgo de interrupci\u00f3n moment\u00e1nea de actividades cotidianas.<\/p>\n\n\n\n<p>En ese sentido, la alerta naranja que regir\u00e1 hoy, lluvias y tormentas, algunas localmente fuertes o severas. Las mismas estar\u00e1n acompa\u00f1adas, principalmente abundante ca\u00edda de agua en cortos per\u00edodos, ocasional ca\u00edda de granizo e intensas r\u00e1fagas, que podr\u00edan alcanzar los 60 km\/h, y frecuente actividad el\u00e9ctrica.<\/p>\n\n\n\n<p>Adem\u00e1s, desde el SMN se prev\u00e9n valores de precipitaci\u00f3n acumulada entre 80 y 100 mm para la zona del litoral; y entre 70 y 90 mm para el resto del \u00e1rea, pudiendo ser superados en forma puntual.<\/p>\n\n\n\n<p>Asimismo, en ciertas zonas de la provincia de Buenos Aires regir\u00e1 una alerta amarilla. El \u00e1rea ser\u00e1 afectada por lluvias y tormentas, algunas localmente fuertes. Las mismas podr\u00e1n estar acompa\u00f1adas por r\u00e1fagas intensas, importante actividad el\u00e9ctrica, ocasional ca\u00edda de granizo y abundante ca\u00edda de agua en cortos per\u00edodos. Se estiman valores de precipitaci\u00f3n acumulada entre 30 y 70 mm.<\/p>\n","protected":false},"excerpt":{"rendered":"<p>El Servicio Meteorol\u00f3gico Nacional (SMN) emiti\u00f3 una alerta naranja y amarilla para este lunes 15 de abril por fuertes tormentas, ca\u00edda de granizo y vientos en varias localidades de la provincia de Buenos Aires. Estas rigen para los posibles fen\u00f3menos meteorol\u00f3gicos con capacidad de da\u00f1o y que produzcan riesgo de interrupci\u00f3n moment\u00e1nea de actividades cotidianas. [&hellip;]<\/p>\n","protected":false},"author":1,"featured_media":4196,"comment_status":"open","ping_status":"open","sticky":false,"template":"","format":"standard","meta":{"footnotes":""},"categories":[20],"tags":[],"class_list":{"0":"post-4195","1":"post","2":"type-post","3":"status-publish","4":"format-standard","5":"has-post-thumbnail","7":"category-provincia"},"_links":{"self":[{"href":"https:\/\/provinciadigital.com.ar\/index.php?rest_route=\/wp\/v2\/posts\/4195","targetHints":{"allow":["GET"]}}],"collection":[{"href":"https:\/\/provinciadigital.com.ar\/index.php?rest_route=\/wp\/v2\/posts"}],"about":[{"href":"https:\/\/provinciadigital.com.ar\/index.php?rest_route=\/wp\/v2\/types\/post"}],"author":[{"embeddable":true,"href":"https:\/\/provinciadigital.com.ar\/index.php?rest_route=\/wp\/v2\/users\/1"}],"replies":[{"embeddable":true,"href":"https:\/\/provinciadigital.com.ar\/index.php?rest_route=%2Fwp%2Fv2%2Fcomments&post=4195"}],"version-history":[{"count":1,"href":"https:\/\/provinciadigital.com.ar\/index.php?rest_route=\/wp\/v2\/posts\/4195\/revisions"}],"predecessor-version":[{"id":4197,"href":"https:\/\/provinciadigital.com.ar\/index.php?rest_route=\/wp\/v2\/posts\/4195\/revisions\/4197"}],"wp:featuredmedia":[{"embeddable":true,"href":"https:\/\/provinciadigital.com.ar\/index.php?rest_route=\/wp\/v2\/media\/4196"}],"wp:attachment":[{"href":"https:\/\/provinciadigital.com.ar\/index.php?rest_route=%2Fwp%2Fv2%2Fmedia&parent=4195"}],"wp:term":[{"taxonomy":"category","embeddable":true,"href":"https:\/\/provinciadigital.com.ar\/index.php?rest_route=%2Fwp%2Fv2%2Fcategories&post=4195"},{"taxonomy":"post_tag","embeddable":true,"href":"https:\/\/provinciadigital.com.ar\/index.php?rest_route=%2Fwp%2Fv2%2Ftags&post=4195"}],"curies":[{"name":"wp","href":"https:\/\/api.w.org\/{rel}","templated":true}]}}