{"id":4261,"date":"2024-04-30T13:00:55","date_gmt":"2024-04-30T13:00:55","guid":{"rendered":"https:\/\/provinciadigital.com.ar\/?p=4261"},"modified":"2024-04-30T13:00:56","modified_gmt":"2024-04-30T13:00:56","slug":"en-tigre-centro-el-intendente-julio-zamora-participo-del-encuentro-por-las-infancias-y-adolescencias-en-emergencias","status":"publish","type":"post","link":"https:\/\/provinciadigital.com.ar\/?p=4261","title":{"rendered":"En Tigre centro, el intendente Julio Zamora particip\u00f3 del &#8220;Encuentro por las Infancias y Adolescencias en Emergencias&#8221;"},"content":{"rendered":"\n<p>El Consejo Local de Infancia y Adolescencia de Tigre organiz\u00f3 el &#8220;Encuentro por las Infancias y Adolescencias en Emergencias&#8221;, con el prop\u00f3sito de intercambiar ideas sobre las problem\u00e1ticas de ni\u00f1os, ni\u00f1as y j\u00f3venes. En el sal\u00f3n de los Bomberos Voluntarios del centro de la ciudad, el evento cont\u00f3 con la participaci\u00f3n del intendente municipal Julio Zamora, representantes de organizaciones sociales de la Provincia de Buenos Aires y miembros de la comunidad educativa.<\/p>\n\n\n\n<p>&#8220;Fue un encuentro virtuoso que trat\u00f3 sobre los ni\u00f1os, ni\u00f1as y j\u00f3venes que se encuentran en situaci\u00f3n de vulnerabilidad. Estamos atravesando un contexto donde existe un porcentaje muy alto de pobreza e indigencia y la mirada de los Estados locales es muy importante a la hora de brindar protecci\u00f3n. Participaron autoridades de otros municipios, organizaciones provinciales y del sector acad\u00e9mico, que nos pudieron dar una mirada clara del camino a seguir&#8221;, expres\u00f3 Zamora.<\/p>\n\n\n\n<p>En relaci\u00f3n a las recientes medidas del Poder Ejecutivo nacional, dijo: &#8220;El Estado nacional se retira de las pol\u00edticas vinculadas a la ni\u00f1ez y por eso debemos dar un marco institucional de las gestiones locales y la Provincia. Estamos atravesados por una coyuntura donde se deja en orfandad a muchos colectivos como estudiantes y trabajadores. La marcha del d\u00eda martes tiene un contenido esperanzador; la poblaci\u00f3n movilizada mostr\u00f3 que la sociedad argentina est\u00e1 viva y defiende sus derechos. La cuesti\u00f3n de la universidad p\u00fablica es un nervio muy importante para nuestra comunidad&#8221;.<\/p>\n\n\n\n<p>El encuentro inici\u00f3 con las palabras de bienvenida de la secretaria de Mujeres, G\u00e9neros e Infancias del Municipio, Nadia Olivieri, junto con un representante del Consejo Local de Infancia y Adolescencia de Tigre. Luego, se realiz\u00f3 una din\u00e1mica de presentaci\u00f3n grupal entre los que asistieron al evento. Acto seguido, se desarroll\u00f3 el Foro de Adolescentes y J\u00f3venes para debatir las dificultades y necesidades actuales m\u00e1s urgentes.<\/p>\n","protected":false},"excerpt":{"rendered":"<p>El Consejo Local de Infancia y Adolescencia de Tigre organiz\u00f3 el &#8220;Encuentro por las Infancias y Adolescencias en Emergencias&#8221;, con el prop\u00f3sito de intercambiar ideas sobre las problem\u00e1ticas de ni\u00f1os, ni\u00f1as y j\u00f3venes. En el sal\u00f3n de los Bomberos Voluntarios del centro de la ciudad, el evento cont\u00f3 con la participaci\u00f3n del intendente municipal Julio [&hellip;]<\/p>\n","protected":false},"author":1,"featured_media":4262,"comment_status":"open","ping_status":"open","sticky":false,"template":"","format":"standard","meta":{"footnotes":""},"categories":[115],"tags":[],"class_list":{"0":"post-4261","1":"post","2":"type-post","3":"status-publish","4":"format-standard","5":"has-post-thumbnail","7":"category-tigre"},"_links":{"self":[{"href":"https:\/\/provinciadigital.com.ar\/index.php?rest_route=\/wp\/v2\/posts\/4261","targetHints":{"allow":["GET"]}}],"collection":[{"href":"https:\/\/provinciadigital.com.ar\/index.php?rest_route=\/wp\/v2\/posts"}],"about":[{"href":"https:\/\/provinciadigital.com.ar\/index.php?rest_route=\/wp\/v2\/types\/post"}],"author":[{"embeddable":true,"href":"https:\/\/provinciadigital.com.ar\/index.php?rest_route=\/wp\/v2\/users\/1"}],"replies":[{"embeddable":true,"href":"https:\/\/provinciadigital.com.ar\/index.php?rest_route=%2Fwp%2Fv2%2Fcomments&post=4261"}],"version-history":[{"count":1,"href":"https:\/\/provinciadigital.com.ar\/index.php?rest_route=\/wp\/v2\/posts\/4261\/revisions"}],"predecessor-version":[{"id":4263,"href":"https:\/\/provinciadigital.com.ar\/index.php?rest_route=\/wp\/v2\/posts\/4261\/revisions\/4263"}],"wp:featuredmedia":[{"embeddable":true,"href":"https:\/\/provinciadigital.com.ar\/index.php?rest_route=\/wp\/v2\/media\/4262"}],"wp:attachment":[{"href":"https:\/\/provinciadigital.com.ar\/index.php?rest_route=%2Fwp%2Fv2%2Fmedia&parent=4261"}],"wp:term":[{"taxonomy":"category","embeddable":true,"href":"https:\/\/provinciadigital.com.ar\/index.php?rest_route=%2Fwp%2Fv2%2Fcategories&post=4261"},{"taxonomy":"post_tag","embeddable":true,"href":"https:\/\/provinciadigital.com.ar\/index.php?rest_route=%2Fwp%2Fv2%2Ftags&post=4261"}],"curies":[{"name":"wp","href":"https:\/\/api.w.org\/{rel}","templated":true}]}}