{"id":4264,"date":"2024-04-30T13:06:34","date_gmt":"2024-04-30T13:06:34","guid":{"rendered":"https:\/\/provinciadigital.com.ar\/?p=4264"},"modified":"2024-04-30T13:06:39","modified_gmt":"2024-04-30T13:06:39","slug":"la-camara-de-diputados-aprobo-la-ley-de-bases-en-general-y-se-apresta-a-su-votacion-en-particular","status":"publish","type":"post","link":"https:\/\/provinciadigital.com.ar\/?p=4264","title":{"rendered":"La C\u00e1mara de Diputados aprob\u00f3 la ley de Bases en general y se apresta a su votaci\u00f3n en particular"},"content":{"rendered":"\n<p>La C\u00e1mara de Diputados aprob\u00f3 esta ma\u00f1ana la ley de Bases y Puntos de Partida en general y se apresta a su votaci\u00f3n en particular, luego de una serie de cuestiones de privilegio acordadas en la \u00faltima reuni\u00f3n de Labor Parlamentaria entre los bloques.<\/p>\n\n\n\n<p>Fue por 142 votos afirmativos, 106 negativos y cinco abstenciones, tras 20 horas de debate en el recinto de la C\u00e1mara baja, en los que se plasmaron argumentos -s\u00f3lidos y endebles- y chicanas de todo tipo.<\/p>\n\n\n\n<p>De esta manera, La Libertad Avanza obtuvo el apoyo de los bloques de la Uni\u00f3n C\u00edvica Radical (UCR), Hacemos Coalici\u00f3n Federal, Innovaci\u00f3n Federal, entre otros provinciales. El PRO, como ya hab\u00eda anticipado, acompa\u00f1\u00f3 en su totalidad.<\/p>\n\n\n\n<p>En este contexto, el oficialismo se enfrentar\u00e1 al gran desaf\u00edo de la mega sesi\u00f3n: conseguir la luz verde de la mayor\u00eda los legisladores aliados en la votaci\u00f3n en particular. Entre los puntos sensibles se encuentra el art\u00edculo tres de Reforma del Estado.<\/p>\n\n\n\n<p>Este punto aborda a los superpoderes que le delega el Congreso al presidente Javier Milei para &#8220;la modificaci\u00f3n o eliminaci\u00f3n de las competencias, funciones o responsabilidades&#8221;, o &#8220;la reorganizaci\u00f3n de su estructura jur\u00eddica o transferencia a las provincias&#8221;.<\/p>\n","protected":false},"excerpt":{"rendered":"<p>La C\u00e1mara de Diputados aprob\u00f3 esta ma\u00f1ana la ley de Bases y Puntos de Partida en general y se apresta a su votaci\u00f3n en particular, luego de una serie de cuestiones de privilegio acordadas en la \u00faltima reuni\u00f3n de Labor Parlamentaria entre los bloques. Fue por 142 votos afirmativos, 106 negativos y cinco abstenciones, tras [&hellip;]<\/p>\n","protected":false},"author":1,"featured_media":4265,"comment_status":"open","ping_status":"open","sticky":false,"template":"","format":"standard","meta":{"footnotes":""},"categories":[129],"tags":[],"class_list":{"0":"post-4264","1":"post","2":"type-post","3":"status-publish","4":"format-standard","5":"has-post-thumbnail","7":"category-nacionales"},"_links":{"self":[{"href":"https:\/\/provinciadigital.com.ar\/index.php?rest_route=\/wp\/v2\/posts\/4264","targetHints":{"allow":["GET"]}}],"collection":[{"href":"https:\/\/provinciadigital.com.ar\/index.php?rest_route=\/wp\/v2\/posts"}],"about":[{"href":"https:\/\/provinciadigital.com.ar\/index.php?rest_route=\/wp\/v2\/types\/post"}],"author":[{"embeddable":true,"href":"https:\/\/provinciadigital.com.ar\/index.php?rest_route=\/wp\/v2\/users\/1"}],"replies":[{"embeddable":true,"href":"https:\/\/provinciadigital.com.ar\/index.php?rest_route=%2Fwp%2Fv2%2Fcomments&post=4264"}],"version-history":[{"count":1,"href":"https:\/\/provinciadigital.com.ar\/index.php?rest_route=\/wp\/v2\/posts\/4264\/revisions"}],"predecessor-version":[{"id":4266,"href":"https:\/\/provinciadigital.com.ar\/index.php?rest_route=\/wp\/v2\/posts\/4264\/revisions\/4266"}],"wp:featuredmedia":[{"embeddable":true,"href":"https:\/\/provinciadigital.com.ar\/index.php?rest_route=\/wp\/v2\/media\/4265"}],"wp:attachment":[{"href":"https:\/\/provinciadigital.com.ar\/index.php?rest_route=%2Fwp%2Fv2%2Fmedia&parent=4264"}],"wp:term":[{"taxonomy":"category","embeddable":true,"href":"https:\/\/provinciadigital.com.ar\/index.php?rest_route=%2Fwp%2Fv2%2Fcategories&post=4264"},{"taxonomy":"post_tag","embeddable":true,"href":"https:\/\/provinciadigital.com.ar\/index.php?rest_route=%2Fwp%2Fv2%2Ftags&post=4264"}],"curies":[{"name":"wp","href":"https:\/\/api.w.org\/{rel}","templated":true}]}}