{"id":4338,"date":"2024-05-20T12:28:20","date_gmt":"2024-05-20T12:28:20","guid":{"rendered":"https:\/\/provinciadigital.com.ar\/?p=4338"},"modified":"2024-05-20T12:28:21","modified_gmt":"2024-05-20T12:28:21","slug":"vouchers-educativos-colegios-privados-solicitan-que-se-amplie-el-alcance-del-programa","status":"publish","type":"post","link":"https:\/\/provinciadigital.com.ar\/?p=4338","title":{"rendered":"Vouchers educativos: colegios privados solicitan que se ampl\u00ede el alcance del programa"},"content":{"rendered":"\n<p>La Junta Nacional de Educaci\u00f3n Privada (JUNEP) y la Asociaci\u00f3n de Institutos Privados de Buenos Aires (AIEPBA) le solicitaron al Gobierno que ampl\u00ede el alcance del Programa de Vouchers Educativos a todos los colegios que no sean de gesti\u00f3n p\u00fablica.<\/p>\n\n\n\n<p>Las entidades que representan a los establecimientos privados le enviaron una nota a la Secretar\u00eda de Educaci\u00f3n del Ministerio de Capital Humano para que los vouchers tambi\u00e9n alcancen a los alumnos de las escuelas que reciben menos del 75% de subvenci\u00f3n estatal o incluso, se beneficie a las que no reciben ning\u00fan tipo de subsidio.<\/p>\n\n\n\n<p>El programa gubernamental permite actualmente que accedan las escuelas privadas que reciben un aporte estatal del 75% al 100% y que la cuota mensual no supere los $54.396, por lo que desde el \u00e1mbito educativo privado buscan que ese requisito se elimine para que puedan aplicar todos los estudiantes que lo necesiten.<\/p>\n\n\n\n<p>Los beneficiarios reciben el 50% del valor del arancel de jornada simple, sin incluir actividades extraprogram\u00e1ticas, en funci\u00f3n de la cuota base de marzo de 2024 para los meses de mayo, junio y julio, con un tope de $27.198 por hijo. Solo pueden acceder al beneficio econ\u00f3mico las familias cuyos ingresos no superen los 7 salarios m\u00ednimos<\/p>\n\n\n\n<p>El escrito presentado al \u00e1rea que encabeza Carlos Torrendell se\u00f1ala que &#8220;consideramos que ya se han establecido las bases para determinar el grado de ejecuci\u00f3n del presupuesto asignado, por lo que es el momento adecuado para reconsiderar la extensi\u00f3n del programa&#8221;.<\/p>\n\n\n\n<p>En el marco del pedido de extensi\u00f3n, destacaron la medida del Ejecutivo asegurando que &#8220;valoramos la iniciativa del gobierno nacional que respalda a un sector de la sociedad que se esfuerza por mantener a sus hijos en el sistema educativo privado, contribuyendo indirectamente a las instituciones de gesti\u00f3n privada que representan cerca del 30% del alumnado argentino&#8221;. <\/p>\n","protected":false},"excerpt":{"rendered":"<p>La Junta Nacional de Educaci\u00f3n Privada (JUNEP) y la Asociaci\u00f3n de Institutos Privados de Buenos Aires (AIEPBA) le solicitaron al Gobierno que ampl\u00ede el alcance del Programa de Vouchers Educativos a todos los colegios que no sean de gesti\u00f3n p\u00fablica. Las entidades que representan a los establecimientos privados le enviaron una nota a la Secretar\u00eda [&hellip;]<\/p>\n","protected":false},"author":1,"featured_media":4339,"comment_status":"open","ping_status":"open","sticky":false,"template":"","format":"standard","meta":{"footnotes":""},"categories":[129],"tags":[],"class_list":{"0":"post-4338","1":"post","2":"type-post","3":"status-publish","4":"format-standard","5":"has-post-thumbnail","7":"category-nacionales"},"_links":{"self":[{"href":"https:\/\/provinciadigital.com.ar\/index.php?rest_route=\/wp\/v2\/posts\/4338","targetHints":{"allow":["GET"]}}],"collection":[{"href":"https:\/\/provinciadigital.com.ar\/index.php?rest_route=\/wp\/v2\/posts"}],"about":[{"href":"https:\/\/provinciadigital.com.ar\/index.php?rest_route=\/wp\/v2\/types\/post"}],"author":[{"embeddable":true,"href":"https:\/\/provinciadigital.com.ar\/index.php?rest_route=\/wp\/v2\/users\/1"}],"replies":[{"embeddable":true,"href":"https:\/\/provinciadigital.com.ar\/index.php?rest_route=%2Fwp%2Fv2%2Fcomments&post=4338"}],"version-history":[{"count":1,"href":"https:\/\/provinciadigital.com.ar\/index.php?rest_route=\/wp\/v2\/posts\/4338\/revisions"}],"predecessor-version":[{"id":4340,"href":"https:\/\/provinciadigital.com.ar\/index.php?rest_route=\/wp\/v2\/posts\/4338\/revisions\/4340"}],"wp:featuredmedia":[{"embeddable":true,"href":"https:\/\/provinciadigital.com.ar\/index.php?rest_route=\/wp\/v2\/media\/4339"}],"wp:attachment":[{"href":"https:\/\/provinciadigital.com.ar\/index.php?rest_route=%2Fwp%2Fv2%2Fmedia&parent=4338"}],"wp:term":[{"taxonomy":"category","embeddable":true,"href":"https:\/\/provinciadigital.com.ar\/index.php?rest_route=%2Fwp%2Fv2%2Fcategories&post=4338"},{"taxonomy":"post_tag","embeddable":true,"href":"https:\/\/provinciadigital.com.ar\/index.php?rest_route=%2Fwp%2Fv2%2Ftags&post=4338"}],"curies":[{"name":"wp","href":"https:\/\/api.w.org\/{rel}","templated":true}]}}