{"id":4341,"date":"2024-05-22T11:38:44","date_gmt":"2024-05-22T11:38:44","guid":{"rendered":"https:\/\/provinciadigital.com.ar\/?p=4341"},"modified":"2024-05-22T11:38:44","modified_gmt":"2024-05-22T11:38:44","slug":"el-municipio-de-tigre-celebro-una-nueva-edicion-de-una-noche-en-los-museos","status":"publish","type":"post","link":"https:\/\/provinciadigital.com.ar\/?p=4341","title":{"rendered":"El Municipio de Tigre celebr\u00f3 una nueva edici\u00f3n de &#8220;Una Noche en los Museos&#8221;"},"content":{"rendered":"\n<p>El Municipio de Tigre vivi\u00f3 una nueva edici\u00f3n de &#8220;Una Noche en los Museos&#8221;; una propuesta que busc\u00f3 facilitar el acceso a la cultura y el arte a un p\u00fablico m\u00e1s amplio, incluyendo a aquellos que no pueden visitar dichos espacios durante el d\u00eda. El objetivo de la iniciativa, adem\u00e1s, fue transmitir una experiencia diferente y novedosa en horario nocturno.<\/p>\n\n\n\n<p>&#8220;Estamos muy felices por haber realizado esta actividad y por la convocatoria. Si bien nosotros aqu\u00ed contamos con \u2018La Noche del MAT&#8217; esta es una propuesta m\u00e1s amplia. Esto fue una parte del recorrido de los cinco museos que estuvieron abiertos para el p\u00fablico. Este es un museo que de noche tiene otro brillo y creo que eso se disfruta. Adem\u00e1s de vecinos, hubieron turistas que aprovechan para visitar este espacio que es una obra de arte en s\u00ed misma&#8221;, expres\u00f3 la directora general de Administraci\u00f3n y Extensi\u00f3n Cultural del Museo de Arte Tigre, Graciela Basso.<\/p>\n\n\n\n<p>Durante la actividad -impulsada por el Instituto Cultural de la Provincia en todo el territorio bonaerense- vecinos, vecinas y visitantes pudieron vivir la experiencia de forma libre y gratuita en los siguientes establecimientos del partido: el Museo de La Reconquista, La Casa de las Culturas &#8220;Villa Carmen&#8221;, Museo de la Prefectura, Museo Naval y el Museo de Arte Tigre.<\/p>\n\n\n\n<p>Paola, vecina de Tigre centro, expres\u00f3: &#8220;Empezamos por el MAT porque es maravilloso, \u00fanico. Est\u00e1n todos los ingredientes y toda la esencia que a nosotros nos gusta, que es el arte, el estar juntos, el compartir y todo lo visual que nos lleva a otros mundos. El Municipio en materia cultural es de lo mejor. Siempre participamos de charlas, conferencias y c\u00f3mo nos \u00edbamos a perder esta noche que es un buen plan para el s\u00e1bado&#8221;.<\/p>\n\n\n\n<p>En el Museo de Arte Tigre, el p\u00fablico pudo contemplar las muestras: &#8220;Casagrande&#8221;; &#8220;Meta romances&#8221;; &#8220;Personajes, Comunidad y Trabajo; Sala did\u00e1ctica: bocetos y estudios&#8221;; &#8220;Tigre hist\u00f3rico&#8221;; &#8220;La primera met\u00e1fora es el R\u00edo&#8221; y &#8220;Los comienzos&#8221;. Adem\u00e1s, la actividad cont\u00f3 con la presencia de distintos artistas, quienes realizaron arte en vivo y conversatorios en las distintas salas. Entre ellos: Catalina Scoppa, Darienzo, Pato Morrison, entre otros.<\/p>\n","protected":false},"excerpt":{"rendered":"<p>El Municipio de Tigre vivi\u00f3 una nueva edici\u00f3n de &#8220;Una Noche en los Museos&#8221;; una propuesta que busc\u00f3 facilitar el acceso a la cultura y el arte a un p\u00fablico m\u00e1s amplio, incluyendo a aquellos que no pueden visitar dichos espacios durante el d\u00eda. El objetivo de la iniciativa, adem\u00e1s, fue transmitir una experiencia diferente [&hellip;]<\/p>\n","protected":false},"author":1,"featured_media":4342,"comment_status":"open","ping_status":"open","sticky":false,"template":"","format":"standard","meta":{"footnotes":""},"categories":[115],"tags":[],"class_list":{"0":"post-4341","1":"post","2":"type-post","3":"status-publish","4":"format-standard","5":"has-post-thumbnail","7":"category-tigre"},"_links":{"self":[{"href":"https:\/\/provinciadigital.com.ar\/index.php?rest_route=\/wp\/v2\/posts\/4341","targetHints":{"allow":["GET"]}}],"collection":[{"href":"https:\/\/provinciadigital.com.ar\/index.php?rest_route=\/wp\/v2\/posts"}],"about":[{"href":"https:\/\/provinciadigital.com.ar\/index.php?rest_route=\/wp\/v2\/types\/post"}],"author":[{"embeddable":true,"href":"https:\/\/provinciadigital.com.ar\/index.php?rest_route=\/wp\/v2\/users\/1"}],"replies":[{"embeddable":true,"href":"https:\/\/provinciadigital.com.ar\/index.php?rest_route=%2Fwp%2Fv2%2Fcomments&post=4341"}],"version-history":[{"count":1,"href":"https:\/\/provinciadigital.com.ar\/index.php?rest_route=\/wp\/v2\/posts\/4341\/revisions"}],"predecessor-version":[{"id":4343,"href":"https:\/\/provinciadigital.com.ar\/index.php?rest_route=\/wp\/v2\/posts\/4341\/revisions\/4343"}],"wp:featuredmedia":[{"embeddable":true,"href":"https:\/\/provinciadigital.com.ar\/index.php?rest_route=\/wp\/v2\/media\/4342"}],"wp:attachment":[{"href":"https:\/\/provinciadigital.com.ar\/index.php?rest_route=%2Fwp%2Fv2%2Fmedia&parent=4341"}],"wp:term":[{"taxonomy":"category","embeddable":true,"href":"https:\/\/provinciadigital.com.ar\/index.php?rest_route=%2Fwp%2Fv2%2Fcategories&post=4341"},{"taxonomy":"post_tag","embeddable":true,"href":"https:\/\/provinciadigital.com.ar\/index.php?rest_route=%2Fwp%2Fv2%2Ftags&post=4341"}],"curies":[{"name":"wp","href":"https:\/\/api.w.org\/{rel}","templated":true}]}}