{"id":4374,"date":"2024-05-28T12:53:32","date_gmt":"2024-05-28T12:53:32","guid":{"rendered":"https:\/\/provinciadigital.com.ar\/?p=4374"},"modified":"2024-05-28T12:53:33","modified_gmt":"2024-05-28T12:53:33","slug":"francos-nuevo-jefe-de-gabinete-la-renuncia-de-posse-era-lo-mas-aconsejable","status":"publish","type":"post","link":"https:\/\/provinciadigital.com.ar\/?p=4374","title":{"rendered":"Francos, nuevo jefe de Gabinete: &#8220;La renuncia de Posse era lo m\u00e1s aconsejable&#8221;"},"content":{"rendered":"\n<p>El flamante jefe de Gabinete, Guillermo Francos, afirm\u00f3 que su designaci\u00f3n en reemplazo de Nicol\u00e1s Posse se debe a que &#8220;hay que coordinar los momentos que vive pol\u00edticamente el pa\u00eds con las acciones del Gobierno&#8221; y remarc\u00f3 que el presidente Javier Milei lo eligi\u00f3 porque tiene &#8220;mejor capacidad de di\u00e1logo&#8221;.<\/p>\n\n\n\n<p>&#8220;El Presidente me elige a m\u00ed porque se da cuenta de que con la pol\u00edtica argentina a \u00e9l se le hace complicado, porque no la entiende, porque tiene diferencias&#8221;, sostuvo el funcionario nacional.<\/p>\n\n\n\n<p>En di\u00e1logo con Esta Ma\u00f1ana, el programa que conduce Marcelo Longobardi en Radio Rivadavia, el referente libertario a\u00f1adi\u00f3: &#8220;Yo tengo una posibilidad mayor de dialogar y de ah\u00ed viene mi propuesta. Ya ven\u00eda esa propuesta desde el Ministerio del Interior, pero ahora hay que coordinar \u00e9sto con los equipos de Gobierno&#8221;.<\/p>\n\n\n\n<p>Al ser consultado sobre la figura del vicejefe de Gabinete, Jos\u00e9 Rolandi, y si seguir\u00e1 en el puesto, Francos afirm\u00f3 que el funcionario &#8220;es una pieza fundamental&#8221; y se\u00f1al\u00f3 que el Presidente le pidi\u00f3 que contin\u00fae en el cargo.<\/p>\n\n\n\n<p>En ese sentido, anticip\u00f3 que har\u00e1 una revisi\u00f3n de todos los funcionarios que tendr\u00e1 a su cargo a partir de ahora y se\u00f1al\u00f3 que &#8220;algunos cargos seguramente continuar\u00e1n y otros cambiar\u00e1n&#8221;.<\/p>\n\n\n\n<p>&#8220;Tenemos que analizar la gesti\u00f3n, la eficiencia, el momento, las circunstancias. Todas las decisiones que tomemos ser\u00e1n consensuadas con el Presidente, como corresponde&#8221;, expres\u00f3 el jefe de Gabinete.<\/p>\n\n\n\n<p>Adem\u00e1s, ratific\u00f3 la intenci\u00f3n de Milei de sumar formalmente a Federico Sturzenegger al Gobierno: &#8220;Quiere incorporar al Gabinete una persona que sea capaz de analizar la regulaci\u00f3n argentina y discutir con todos los miembros del Gabinete su visi\u00f3n sobre lo que tiene que ser el proceso de simplificaci\u00f3n y desregulaci\u00f3n de nuestra compleja normativa p\u00fablica&#8221;.<\/p>\n\n\n\n<p>Qu\u00e9 pas\u00f3 con Posse<\/p>\n\n\n\n<p>&#8220;Poner en marcha un Gobierno desde donde estamos genera un desgaste. Posse con el Presidente han tenido diferencias seguramente que llevaron a esta situaci\u00f3n. Y en un momento pareci\u00f3 que la discusi\u00f3n era insostenible y present\u00f3 su renuncia. Creo que era lo m\u00e1s aconsejable para dar por terminada esa situaci\u00f3n y empezar de nuevo&#8221;; opin\u00f3 el nuevo ministro coordinador.<\/p>\n\n\n\n<p>En medio de la discusi\u00f3n por la Ley Bases y el paquete fiscal y al ser consultado sobre la posibilidad de sumar a dirigentes opositores al Gobierno, el jefe de Gabinete respondi\u00f3: &#8220;El Presidente est\u00e1 abierto a incorporar dirigentes que sean capaces, probos y que tengan la misma concepci\u00f3n y abracen las ideas de la libertad. En todos los sectores pol\u00edticos hay personas con gran capacidad. Iremos conversando&#8221;.<\/p>\n\n\n\n<p>Consider\u00f3 en ese sentido que &#8220;siempre hay personas que grandes capacidades, no tengo pensado a nadie en concreto&#8221;.<\/p>\n\n\n\n<p>Fuerte cambio en el Gabinete<\/p>\n\n\n\n<p>El Gobierno nacional oficializ\u00f3 en el Bolet\u00edn Oficial la salida de Nicol\u00e1s Posse de la Jefatura de Gabinete y la designaci\u00f3n de Guillermo Francos en su reemplazo.<\/p>\n\n\n\n<p>Aunque los cambios se ven\u00edan rumoreando desde hac\u00eda varios d\u00edas y terminaron de confirmarse en la noche del pasado lunes con un comunicado oficial, la formalizaci\u00f3n termin\u00f3 de concretarse este martes con la publicaci\u00f3n de los respectivos decretos.<\/p>\n\n\n\n<p>La decisi\u00f3n se comunic\u00f3 de manera oficial luego de d\u00edas de idas y vueltas alrededor de la salida de Posse como titular de ministros.<\/p>\n\n\n\n<p>&#8220;En el d\u00eda de hoy el presidente Javier Milei acept\u00f3 la renuncia presentada por Nicol\u00e1s Posse a la Jefatura de Gabinete de Ministros. Motiv\u00f3 esta decisi\u00f3n la diferencia de criterios y expectativas en la marcha de gobierno y las tareas encomendadas&#8221;, subray\u00f3 Presidencia este lunes.<\/p>\n\n\n\n<p>En un comunicado, poco antes de un nuevo viaje de Milei a Estados Unidos, se inform\u00f3 que &#8220;Posse continuar\u00e1 acompa\u00f1ando, como desde el primer d\u00eda, las ideas de la libertad, la defensa de la vida y la propiedad y el proyecto de una Argentina libre impulsado por el presidente Milei&#8221; desde &#8220;un nuevo rol, que ser\u00e1 dado a conocer en los pr\u00f3ximos d\u00edas&#8221;.<\/p>\n\n\n\n<p>&#8220;Esta semana se avanzar\u00e1 en una transici\u00f3n ordenada junto al ministro del Interior, Guillermo Francos, quien asumir\u00e1 el rol a cargo de la Jefatura de Gabinete de Ministros&#8221;, confirm\u00f3 la Oficina del Presidente.<\/p>\n\n\n\n<p>Si bien desde la asunci\u00f3n de Milei en diciembre pasado se hab\u00edan dado otros cambios, la salida de Posse marca una modificaci\u00f3n importante en la estructura del Poder Ejecutivo.<\/p>\n\n\n\n<p>Seg\u00fan fuentes de Casa Rosada indicaron a Noticias Argentinas, la transici\u00f3n a la jefatura encabeza por Francos se dar\u00e1 de manera ordenada, asegurando la continuidad y estabilidad en la gesti\u00f3n gubernamental.<\/p>\n","protected":false},"excerpt":{"rendered":"<p>El flamante jefe de Gabinete, Guillermo Francos, afirm\u00f3 que su designaci\u00f3n en reemplazo de Nicol\u00e1s Posse se debe a que &#8220;hay que coordinar los momentos que vive pol\u00edticamente el pa\u00eds con las acciones del Gobierno&#8221; y remarc\u00f3 que el presidente Javier Milei lo eligi\u00f3 porque tiene &#8220;mejor capacidad de di\u00e1logo&#8221;. &#8220;El Presidente me elige a [&hellip;]<\/p>\n","protected":false},"author":1,"featured_media":4375,"comment_status":"open","ping_status":"open","sticky":false,"template":"","format":"standard","meta":{"footnotes":""},"categories":[129],"tags":[],"class_list":{"0":"post-4374","1":"post","2":"type-post","3":"status-publish","4":"format-standard","5":"has-post-thumbnail","7":"category-nacionales"},"_links":{"self":[{"href":"https:\/\/provinciadigital.com.ar\/index.php?rest_route=\/wp\/v2\/posts\/4374","targetHints":{"allow":["GET"]}}],"collection":[{"href":"https:\/\/provinciadigital.com.ar\/index.php?rest_route=\/wp\/v2\/posts"}],"about":[{"href":"https:\/\/provinciadigital.com.ar\/index.php?rest_route=\/wp\/v2\/types\/post"}],"author":[{"embeddable":true,"href":"https:\/\/provinciadigital.com.ar\/index.php?rest_route=\/wp\/v2\/users\/1"}],"replies":[{"embeddable":true,"href":"https:\/\/provinciadigital.com.ar\/index.php?rest_route=%2Fwp%2Fv2%2Fcomments&post=4374"}],"version-history":[{"count":1,"href":"https:\/\/provinciadigital.com.ar\/index.php?rest_route=\/wp\/v2\/posts\/4374\/revisions"}],"predecessor-version":[{"id":4376,"href":"https:\/\/provinciadigital.com.ar\/index.php?rest_route=\/wp\/v2\/posts\/4374\/revisions\/4376"}],"wp:featuredmedia":[{"embeddable":true,"href":"https:\/\/provinciadigital.com.ar\/index.php?rest_route=\/wp\/v2\/media\/4375"}],"wp:attachment":[{"href":"https:\/\/provinciadigital.com.ar\/index.php?rest_route=%2Fwp%2Fv2%2Fmedia&parent=4374"}],"wp:term":[{"taxonomy":"category","embeddable":true,"href":"https:\/\/provinciadigital.com.ar\/index.php?rest_route=%2Fwp%2Fv2%2Fcategories&post=4374"},{"taxonomy":"post_tag","embeddable":true,"href":"https:\/\/provinciadigital.com.ar\/index.php?rest_route=%2Fwp%2Fv2%2Ftags&post=4374"}],"curies":[{"name":"wp","href":"https:\/\/api.w.org\/{rel}","templated":true}]}}