{"id":4377,"date":"2024-05-29T11:36:19","date_gmt":"2024-05-29T11:36:19","guid":{"rendered":"https:\/\/provinciadigital.com.ar\/?p=4377"},"modified":"2024-05-29T11:36:20","modified_gmt":"2024-05-29T11:36:20","slug":"el-municipio-de-tigre-realizo-una-nueva-jornada-de-concientizacion-con-eje-en-la-prevencion-de-la-violencia-en-el-noviazgo","status":"publish","type":"post","link":"https:\/\/provinciadigital.com.ar\/?p=4377","title":{"rendered":"El Municipio de Tigre realiz\u00f3 una nueva jornada de concientizaci\u00f3n con eje en la prevenci\u00f3n de la violencia en el noviazgo"},"content":{"rendered":"\n<p>A 28 a\u00f1os del femicidio de Carolina Al\u00f3, el Municipio de Tigre organiz\u00f3 una nueva jornada de concientizaci\u00f3n para la prevenci\u00f3n de la violencia en el noviazgo. En Teatro Pepe Soriano de Benav\u00eddez, la actividad estuvo destinada a estudiantes de 5\u00b0 y 6\u00b0 a\u00f1o de escuelas de dicha localidad.<\/p>\n\n\n\n<p>La secretaria de Mujeres, G\u00e9neros e Infancia, Nadia Olivieri, explic\u00f3: &#8220;Se cumple un nuevo a\u00f1o del femicidio de Carolina Al\u00f3, adolescente y vecina de Tigre. En este marco, desde el Municipio, encabezado por el intendente Julio Zamora, trabajamos para seguir fortaleciendo las pol\u00edticas de prevenci\u00f3n de las violencias. Establecimos una actividad junto a las y los alumnos que consisti\u00f3 en la reproducci\u00f3n de una pel\u00edcula y un debate posterior, con el prop\u00f3sito de visibilizar esta problem\u00e1tica que atravesamos como sociedad&#8221;.<\/p>\n\n\n\n<p>La iniciativa -bajo el programa &#8220;Jornadas Carolina&#8221;- comenz\u00f3 con la proyecci\u00f3n de un documental denominado &#8220;No est\u00e1s sola, Sara&#8221;, que reflej\u00f3 la convivencia de una joven en medio de un noviazgo violento y c\u00f3mo logr\u00f3 salir de esa situaci\u00f3n. Tras la entrega de folletos informativos, se dio lugar a un espacio de debate y reflexi\u00f3n entre los presentes que encabezaron autoridades del Municipio de Tigre.<\/p>\n\n\n\n<p>En el 2020 se promulg\u00f3 la Ordenanza Municipal 3730\/20, que determin\u00f3 el 27 de mayo -d\u00eda del femicidio de Al\u00f3- como el &#8220;D\u00eda de la Prevenci\u00f3n contra la Violencia en el Noviazgo&#8221;. Adem\u00e1s, la gesti\u00f3n local ha impulsado diferentes pol\u00edticas en materia de g\u00e9nero, como el programa Mujeres Emprendedoras, la creaci\u00f3n de los dispositivos de Alerta Tigre G\u00e9nero, la Comisar\u00eda y Fiscal\u00eda de la Mujer para el asesoramiento y la contenci\u00f3n a mujeres v\u00edctimas de violencia; y la implementaci\u00f3n de la Ley Micaela (N\u00b0 27.499), para capacitar funcionarios, empleados municipales, vecinos y vecinas, entre otras.<\/p>\n","protected":false},"excerpt":{"rendered":"<p>A 28 a\u00f1os del femicidio de Carolina Al\u00f3, el Municipio de Tigre organiz\u00f3 una nueva jornada de concientizaci\u00f3n para la prevenci\u00f3n de la violencia en el noviazgo. En Teatro Pepe Soriano de Benav\u00eddez, la actividad estuvo destinada a estudiantes de 5\u00b0 y 6\u00b0 a\u00f1o de escuelas de dicha localidad. La secretaria de Mujeres, G\u00e9neros e [&hellip;]<\/p>\n","protected":false},"author":1,"featured_media":4378,"comment_status":"open","ping_status":"open","sticky":false,"template":"","format":"standard","meta":{"footnotes":""},"categories":[115],"tags":[],"class_list":{"0":"post-4377","1":"post","2":"type-post","3":"status-publish","4":"format-standard","5":"has-post-thumbnail","7":"category-tigre"},"_links":{"self":[{"href":"https:\/\/provinciadigital.com.ar\/index.php?rest_route=\/wp\/v2\/posts\/4377","targetHints":{"allow":["GET"]}}],"collection":[{"href":"https:\/\/provinciadigital.com.ar\/index.php?rest_route=\/wp\/v2\/posts"}],"about":[{"href":"https:\/\/provinciadigital.com.ar\/index.php?rest_route=\/wp\/v2\/types\/post"}],"author":[{"embeddable":true,"href":"https:\/\/provinciadigital.com.ar\/index.php?rest_route=\/wp\/v2\/users\/1"}],"replies":[{"embeddable":true,"href":"https:\/\/provinciadigital.com.ar\/index.php?rest_route=%2Fwp%2Fv2%2Fcomments&post=4377"}],"version-history":[{"count":1,"href":"https:\/\/provinciadigital.com.ar\/index.php?rest_route=\/wp\/v2\/posts\/4377\/revisions"}],"predecessor-version":[{"id":4379,"href":"https:\/\/provinciadigital.com.ar\/index.php?rest_route=\/wp\/v2\/posts\/4377\/revisions\/4379"}],"wp:featuredmedia":[{"embeddable":true,"href":"https:\/\/provinciadigital.com.ar\/index.php?rest_route=\/wp\/v2\/media\/4378"}],"wp:attachment":[{"href":"https:\/\/provinciadigital.com.ar\/index.php?rest_route=%2Fwp%2Fv2%2Fmedia&parent=4377"}],"wp:term":[{"taxonomy":"category","embeddable":true,"href":"https:\/\/provinciadigital.com.ar\/index.php?rest_route=%2Fwp%2Fv2%2Fcategories&post=4377"},{"taxonomy":"post_tag","embeddable":true,"href":"https:\/\/provinciadigital.com.ar\/index.php?rest_route=%2Fwp%2Fv2%2Ftags&post=4377"}],"curies":[{"name":"wp","href":"https:\/\/api.w.org\/{rel}","templated":true}]}}